{"id":139064,"date":"2023-02-08T20:49:22","date_gmt":"2023-02-08T23:49:22","guid":{"rendered":"http:\/\/centraldeportes.com.ar\/?p=30167"},"modified":"2025-02-10T22:13:27","modified_gmt":"2025-02-11T01:13:27","slug":"tomas-perez-era-muy-importante-ganar-para-subir-el-animo","status":"publish","type":"post","link":"https:\/\/cdnoticias.com\/index.php\/2023\/02\/08\/tomas-perez-era-muy-importante-ganar-para-subir-el-animo\/","title":{"rendered":"Tom\u00e1s P\u00e9rez: \u201cEra muy importante ganar para subir el \u00e1nimo\u201d"},"content":{"rendered":"<p>Sostuvo el perimetral de Estudiantes tras vencer a Independiente de Tandil y consumarse el primer triunfo del equipo en la Liga Federal 2023.<!--more--><\/p>\n<hr \/>\n<p>El \u201cBata\u201d pudo resarcirse de las dos ca\u00eddas ante Racing y Ferro de General Pico y en la noche del pasado martes, de manera ajustada, <a href=\"https:\/\/cdnoticias.com\/agonico-primer-triunfo-de-estudiantes-en-la-liga-federal\/\">logr\u00f3 su primer festejo en el certamen<\/a> frente a Independiente de Tandil. <strong>Una vez consumados los 40 minutos, Tom\u00e1s P\u00e9rez se tom\u00f3 un momento para dialogar con la prensa y analiz\u00f3 lo sucedido en el \u201cMaxi\u201d<\/strong>.<\/p>\n<p>&nbsp;<\/p>\n<p>\u201c<em><strong>Finalmente se nos dio, lo ven\u00edamos buscando<\/strong>\u201d<\/em>, solt\u00f3 el azule\u00f1o y continu\u00f3 en la misma frase: <em>\u201c<strong>Tuvimos que sufrir un poco, pudimos mejorar muchas cosas y tenemos que seguir por esta v\u00eda<\/strong>\u201d<\/em>, destac\u00f3.<\/p>\n<p>&nbsp;<\/p>\n<blockquote><p>\u201cEra muy importante ganar para subir el \u00e1nimo, daremos lo mejor contra Uni\u00f3n\u201d<\/p><\/blockquote>\n<p>&nbsp;<\/p>\n<p>Por su parte, P\u00e9rez lament\u00f3 la derrota ante los pampeanos: <em>\u201cNo lo jugamos tan mal, <strong>tuvimos errores que nos hicieron pagar sobre el final, pero este partido lo tomamos con otra actitud<\/strong>\u201d<\/em>, subray\u00f3 el escolta y luego manifest\u00f3: <em>\u201c<strong>Vamos partido a partido, el torneo es largo y tenemos que empezar a ganar m\u00e1s confianza y experiencia para seguir por el buen camino<\/strong>\u201d.<\/em><\/p>\n<p>&nbsp;<\/p>\n<p>Adem\u00e1s, el perimetral de Estudiantes hizo referencia a cuestiones que faltan pulir en el equipo: <em>\u201c<strong>Quiz\u00e1 nos falta un poco m\u00e1s de comunicaci\u00f3n, pero con tiempo y trabajo se nos va a ir dando para el bien del grupo<\/strong>\u201d<\/em>, concluy\u00f3.<\/p>\n<p>&nbsp;<\/p>\n<p>Foto: <strong>Nacho Azpeit\u00eda.<\/strong><\/p>\n","protected":false},"excerpt":{"rendered":"<p>Sostuvo el perimetral de Estudiantes tras vencer a Independiente de Tandil y consumarse el primer triunfo del equipo en la<\/p>\n","protected":false},"author":96739694,"featured_media":152946,"comment_status":"closed","ping_status":"closed","sticky":false,"template":"","format":"standard","meta":{"_jetpack_memberships_contains_paid_content":false,"footnotes":""},"categories":[31,1,57],"tags":[],"class_list":["post-139064","post","type-post","status-publish","format-standard","has-post-thumbnail","hentry","category-basquet","category-portada","category-torneo-federal"],"jetpack_featured_media_url":"https:\/\/i0.wp.com\/cdnoticias.com\/wp-content\/uploads\/2023\/02\/Tom%C3%A1s-P%C3%A9rez-scaled.jpg?fit=2560%2C1707&ssl=1","jetpack_sharing_enabled":true,"_links":{"self":[{"href":"https:\/\/cdnoticias.com\/index.php\/wp-json\/wp\/v2\/posts\/139064","targetHints":{"allow":["GET"]}}],"collection":[{"href":"https:\/\/cdnoticias.com\/index.php\/wp-json\/wp\/v2\/posts"}],"about":[{"href":"https:\/\/cdnoticias.com\/index.php\/wp-json\/wp\/v2\/types\/post"}],"author":[{"embeddable":true,"href":"https:\/\/cdnoticias.com\/index.php\/wp-json\/wp\/v2\/users\/96739694"}],"replies":[{"embeddable":true,"href":"https:\/\/cdnoticias.com\/index.php\/wp-json\/wp\/v2\/comments?post=139064"}],"version-history":[{"count":0,"href":"https:\/\/cdnoticias.com\/index.php\/wp-json\/wp\/v2\/posts\/139064\/revisions"}],"wp:featuredmedia":[{"embeddable":true,"href":"https:\/\/cdnoticias.com\/index.php\/wp-json\/wp\/v2\/media\/152946"}],"wp:attachment":[{"href":"https:\/\/cdnoticias.com\/index.php\/wp-json\/wp\/v2\/media?parent=139064"}],"wp:term":[{"taxonomy":"category","embeddable":true,"href":"https:\/\/cdnoticias.com\/index.php\/wp-json\/wp\/v2\/categories?post=139064"},{"taxonomy":"post_tag","embeddable":true,"href":"https:\/\/cdnoticias.com\/index.php\/wp-json\/wp\/v2\/tags?post=139064"}],"curies":[{"name":"wp","href":"https:\/\/api.w.org\/{rel}","templated":true}]}}