{"id":139062,"date":"2023-02-08T17:31:27","date_gmt":"2023-02-08T20:31:27","guid":{"rendered":"http:\/\/centraldeportes.com.ar\/?p=30157"},"modified":"2025-02-10T22:13:44","modified_gmt":"2025-02-11T01:13:44","slug":"la-region-tuvo-festival-en-tapalque-y-hubo-olavarrienses","status":"publish","type":"post","link":"https:\/\/cdnoticias.com\/index.php\/2023\/02\/08\/la-region-tuvo-festival-en-tapalque-y-hubo-olavarrienses\/","title":{"rendered":"La Regi\u00f3n tuvo Festival en Tapalqu\u00e9 y hubo olavarrienses"},"content":{"rendered":"<p>El pasado domingo se realiz\u00f3 una nueva competencia ciclista. El escenario fue Tapalqu\u00e9 y entre los presentes hubo olavarrienses que lograron destacarse.<!--more--><\/p>\n<hr \/>\n<p>Los ciclistas olavarrienses aprovechan la temporada estival para ser parte de diferentes eventos y ahora fue el turno del \u00f3valo de Tapalqu\u00e9 para ser el anfitri\u00f3n.<\/p>\n<p>&nbsp;<\/p>\n<p>Guido Santa Cruz fue el mejor de los representantes locales que fue 3\u00b0 en la prueba principal que fue para Segundo Pone de Le\u00f3n, el representante local.<\/p>\n<p>&nbsp;<\/p>\n<p>Los resultados:<\/p>\n<p>&nbsp;<\/p>\n<p>Mayores de 40 a\u00f1os de edad<\/p>\n<p>1\u00b0 Miguel Aguirre (Cachar\u00ed)<\/p>\n<p>2\u00b0 Silvio Carricante (Tapalqu\u00e9)<\/p>\n<p>3\u00b0 Diego Carrizo (Azul)<\/p>\n<p>Menores de 40 a\u00f1os de edad<\/p>\n<p>1\u00b0 Tom\u00e1s Cedra (Cachar\u00ed)<\/p>\n<p>2\u00b0 Lisandro Robledo (Alvear)<\/p>\n<p>3\u00b0 Andr\u00e9s Far\u00edas (Azul)<\/p>\n<p>Damas<\/p>\n<p>1\u00b0 Tania Ponce de Le\u00f3n (Tapalqu\u00e9)<\/p>\n<p>2\u00b0 Selva Pagano (Rauch)<\/p>\n<p>3\u00b0 Luj\u00e1n Barra (Tapalqu\u00e9)<\/p>\n<p>4\u00b0 Naky Barrag\u00e1n (Rauch)<\/p>\n<p>5\u00b0 Lorena Vega (Olavarr\u00eda)<\/p>\n<p>M\u00e1ster D y E<\/p>\n<p>1\u00b0 Ra\u00fal Dezi (Bah\u00eda Blanca)<\/p>\n<p>2\u00b0 Carlos Tolosa (Saladillo)<\/p>\n<p>3\u00b0 Gustavo Ruiz (Saladillo)<\/p>\n<p>M\u00e1ster C<\/p>\n<p>1\u00b0 Carlos Piazza (Azul)<\/p>\n<p>2\u00b0 Walter Benito (Olavarr\u00eda)<\/p>\n<p>3\u00b0 Dar\u00edo Sosa (Carlos Casares)<\/p>\n<p>M\u00e1ster B<\/p>\n<p>1\u00b0 Julio Estrada (Juan Jos\u00e9 Paso)<\/p>\n<p>2\u00b0 Mart\u00edn Garc\u00eda (Alvear)<\/p>\n<p>3\u00b0 Jorge Salguero (Olavarr\u00eda)<\/p>\n<p>\u00c9lite I II<\/p>\n<p>1\u00b0 Segundo Ponce de Le\u00f3n (Tapalqu\u00e9)<\/p>\n<p>2\u00b0 Alexis Bascur (Azul)<\/p>\n<p>3\u00b0 Guido Santa Cruz (Olavarr\u00eda)<\/p>\n<p>4\u00b0 Mat\u00edas Etchepare (Azul)<\/p>\n<p>5\u00b0 Diego Mart\u00edn (Olavarr\u00eda)<\/p>\n<p>6\u00b0 Franco Leguizam\u00f3n (Olavarr\u00eda)<\/p>\n","protected":false},"excerpt":{"rendered":"<p>El pasado domingo se realiz\u00f3 una nueva competencia ciclista. El escenario fue Tapalqu\u00e9 y entre los presentes hubo olavarrienses que<\/p>\n","protected":false},"author":96739694,"featured_media":152959,"comment_status":"closed","ping_status":"closed","sticky":false,"template":"","format":"standard","meta":{"_jetpack_memberships_contains_paid_content":false,"footnotes":""},"categories":[30,1],"tags":[],"class_list":["post-139062","post","type-post","status-publish","format-standard","has-post-thumbnail","hentry","category-polideportivo","category-portada"],"jetpack_featured_media_url":"https:\/\/i0.wp.com\/cdnoticias.com\/wp-content\/uploads\/2023\/02\/37.jpg?fit=767%2C324&ssl=1","jetpack_sharing_enabled":true,"_links":{"self":[{"href":"https:\/\/cdnoticias.com\/index.php\/wp-json\/wp\/v2\/posts\/139062","targetHints":{"allow":["GET"]}}],"collection":[{"href":"https:\/\/cdnoticias.com\/index.php\/wp-json\/wp\/v2\/posts"}],"about":[{"href":"https:\/\/cdnoticias.com\/index.php\/wp-json\/wp\/v2\/types\/post"}],"author":[{"embeddable":true,"href":"https:\/\/cdnoticias.com\/index.php\/wp-json\/wp\/v2\/users\/96739694"}],"replies":[{"embeddable":true,"href":"https:\/\/cdnoticias.com\/index.php\/wp-json\/wp\/v2\/comments?post=139062"}],"version-history":[{"count":0,"href":"https:\/\/cdnoticias.com\/index.php\/wp-json\/wp\/v2\/posts\/139062\/revisions"}],"wp:featuredmedia":[{"embeddable":true,"href":"https:\/\/cdnoticias.com\/index.php\/wp-json\/wp\/v2\/media\/152959"}],"wp:attachment":[{"href":"https:\/\/cdnoticias.com\/index.php\/wp-json\/wp\/v2\/media?parent=139062"}],"wp:term":[{"taxonomy":"category","embeddable":true,"href":"https:\/\/cdnoticias.com\/index.php\/wp-json\/wp\/v2\/categories?post=139062"},{"taxonomy":"post_tag","embeddable":true,"href":"https:\/\/cdnoticias.com\/index.php\/wp-json\/wp\/v2\/tags?post=139062"}],"curies":[{"name":"wp","href":"https:\/\/api.w.org\/{rel}","templated":true}]}}