{"id":139061,"date":"2023-02-08T17:14:08","date_gmt":"2023-02-08T20:14:08","guid":{"rendered":"http:\/\/centraldeportes.com.ar\/?p=30154"},"modified":"2025-02-10T22:13:46","modified_gmt":"2025-02-11T01:13:46","slug":"destacada-actuacion-de-nehuen-erripa-en-el-tour-del-porvenir","status":"publish","type":"post","link":"https:\/\/cdnoticias.com\/index.php\/2023\/02\/08\/destacada-actuacion-de-nehuen-erripa-en-el-tour-del-porvenir\/","title":{"rendered":"Destacada actuaci\u00f3n de Nehu\u00e9n Erripa en el \u201cTour del Porvenir\u201d"},"content":{"rendered":"<p>Se disput\u00f3 la 4\u00b0 edici\u00f3n del \u201cTour del Porvenir\u201d en la provincia de San Luis y Nehu\u00e9n Erripa logr\u00f3 una destacada actuaci\u00f3n. Tambi\u00e9n compitieron Pablo Brun y Leandro Messineo.<\/p>\n<p><!--more--><\/p>\n<hr \/>\n<p>El joven chileno Mart\u00edn Vidaurre (Selecci\u00f3n Chile) gan\u00f3 la clasificaci\u00f3n general individual y al cabo de 5 etapas -4 de ruta y una cronometrada-, Nehu\u00e9n Erripa finaliz\u00f3 4\u00b0 en la categor\u00eda Sub23 y 22\u00b0 en la clasificaci\u00f3n general.<\/p>\n<p>&nbsp;<\/p>\n<p>Leandro Messineo tambi\u00e9n dijo presente y logr\u00f3 ubicarse en la 9\u00b0 colocaci\u00f3n de la tabla general.<\/p>\n<p>&nbsp;<\/p>\n<p>El recorrido complet\u00f3 650 kil\u00f3metros y fue tal la dureza de la prueba que s\u00f3lo 72 competidores lograron finalizarla. Pablo Brun, fue uno de los que no logr\u00f3 llegar.<\/p>\n<p>&nbsp;<\/p>\n<p>El integrante del equipo KTM Orange Road logr\u00f3 finalizar cuatro de los cinco d\u00edas de carrera.<\/p>\n","protected":false},"excerpt":{"rendered":"<p>Se disput\u00f3 la 4\u00b0 edici\u00f3n del \u201cTour del Porvenir\u201d en la provincia de San Luis y Nehu\u00e9n Erripa logr\u00f3 una<\/p>\n","protected":false},"author":96739694,"featured_media":152963,"comment_status":"closed","ping_status":"closed","sticky":false,"template":"","format":"standard","meta":{"_jetpack_memberships_contains_paid_content":false,"footnotes":""},"categories":[30,1],"tags":[],"class_list":["post-139061","post","type-post","status-publish","format-standard","has-post-thumbnail","hentry","category-polideportivo","category-portada"],"jetpack_featured_media_url":"https:\/\/i0.wp.com\/cdnoticias.com\/wp-content\/uploads\/2023\/02\/WhatsApp-Image-2023-02-08-at-15.29.45-e1675888570116.jpeg?fit=650%2C407&ssl=1","jetpack_sharing_enabled":true,"_links":{"self":[{"href":"https:\/\/cdnoticias.com\/index.php\/wp-json\/wp\/v2\/posts\/139061","targetHints":{"allow":["GET"]}}],"collection":[{"href":"https:\/\/cdnoticias.com\/index.php\/wp-json\/wp\/v2\/posts"}],"about":[{"href":"https:\/\/cdnoticias.com\/index.php\/wp-json\/wp\/v2\/types\/post"}],"author":[{"embeddable":true,"href":"https:\/\/cdnoticias.com\/index.php\/wp-json\/wp\/v2\/users\/96739694"}],"replies":[{"embeddable":true,"href":"https:\/\/cdnoticias.com\/index.php\/wp-json\/wp\/v2\/comments?post=139061"}],"version-history":[{"count":0,"href":"https:\/\/cdnoticias.com\/index.php\/wp-json\/wp\/v2\/posts\/139061\/revisions"}],"wp:featuredmedia":[{"embeddable":true,"href":"https:\/\/cdnoticias.com\/index.php\/wp-json\/wp\/v2\/media\/152963"}],"wp:attachment":[{"href":"https:\/\/cdnoticias.com\/index.php\/wp-json\/wp\/v2\/media?parent=139061"}],"wp:term":[{"taxonomy":"category","embeddable":true,"href":"https:\/\/cdnoticias.com\/index.php\/wp-json\/wp\/v2\/categories?post=139061"},{"taxonomy":"post_tag","embeddable":true,"href":"https:\/\/cdnoticias.com\/index.php\/wp-json\/wp\/v2\/tags?post=139061"}],"curies":[{"name":"wp","href":"https:\/\/api.w.org\/{rel}","templated":true}]}}