{"id":13906,"date":"2021-02-16T20:02:50","date_gmt":"2021-02-16T23:02:50","guid":{"rendered":"http:\/\/www.centraldenoticias.com.ar\/?p=13906"},"modified":"2021-02-16T22:09:03","modified_gmt":"2021-02-17T01:09:03","slug":"el-servicio-electrico-y-la-realidad-de-las-mujeres-que-viven-en-la-zona-rural","status":"publish","type":"post","link":"https:\/\/cdnoticias.com\/index.php\/2021\/02\/16\/el-servicio-electrico-y-la-realidad-de-las-mujeres-que-viven-en-la-zona-rural\/","title":{"rendered":"El servicio el\u00e9ctrico y la realidad de las mujeres que viven en la zona rural"},"content":{"rendered":"<p>Integrantes del Consejo de Administraci\u00f3n y personal t\u00e9cnico de Coopelectric se reunieron con representantes de Mujeres Rurales en Red. Se plantearon distintas problem\u00e1ticas y acciones de trabajo en conjunto.<!--more--><\/p>\n<hr \/>\n<p>El colectivo <strong>Mujeres Rurales en Red<\/strong> estuvo en la sede administrativa de Coopelectric para participar de una reuni\u00f3n con <strong>integrantes del Consejo de Administraci\u00f3n y personal t\u00e9cnico.<\/strong> Carolina Doumecq y Eugenia Bustos se encontraron con el consejero municipal Carlos Coscia, el gerente de Coordinaci\u00f3n Ejecutiva Cr. Oscar L\u00f3pez, el gerente de Operaciones y Calidad de Servicio Ing. Jorge Vornetti, el subgerente de Asistencia T\u00e9cnica Ing. Daniel Pini.<\/p>\n<p>&nbsp;<\/p>\n<p>En primer lugar, las j\u00f3venes relataron c\u00f3mo se gest\u00f3 el colectivo de mujeres que lleva varios meses trabajando con la intenci\u00f3n de <strong>escuchar, acompa\u00f1ar y visibilizar las experiencias de vida de las mujeres que viven en el sector rural,<\/strong> de enriquecerse mutuamente y de llevar adelante proyectos comunitarios de integraci\u00f3n e inclusi\u00f3n social.<\/p>\n<p>&nbsp;<\/p>\n<p><em>\u201cMujeres Rurales en Red naci\u00f3 de una forma particular, ya que con algunas compa\u00f1eras est\u00e1bamos haciendo entrevistas por Instagram con mujeres de la zona rural, y desde ese espacio surgi\u00f3 la necesidad de juntarnos, de reunirnos, de charlar y as\u00ed fue que se constituy\u00f3 esta Red que est\u00e1 en pleno crecimiento\u201d,<\/em> coment\u00f3 Carolina Doumecq.<\/p>\n<p>&nbsp;<\/p>\n<p>La comunicaci\u00f3n es un tema central para esta Red de Mujeres, ya que sus integrantes residen en los diferentes sistemas rurales del Partido de Olavarr\u00eda, incluso han trascendido las fronteras incorporando en la Red a mujeres que transitan la ruralidad en ciudades de la regi\u00f3n. Por tal motivo, pl<strong>antearon la necesidad de mantener una ida y vuelta con Coopelectric para contar con informaci\u00f3n actualizada ante una eventual interrupci\u00f3n del Servicio El\u00e9ctrico.\u00a0<\/strong><em>\u201cNuestra idea es tratar de profundizar los canales de comunicaci\u00f3n con la Cooperativa para poder estar en contacto con cada ramal y saber qu\u00e9 est\u00e1 sucediendo\u201d<\/em>, manifest\u00f3 Eugenia Bustos.<\/p>\n<p>&nbsp;<\/p>\n<p>Ante ello, desde Coopelectric se les inform\u00f3 que <em>\u201ctal como se acord\u00f3 d\u00edas atr\u00e1s con la Sociedad Rural de Olavarr\u00eda, se est\u00e1 trabajando para poder implementar un sistema oficial de grupos de Whatsapp por zonas que permitir\u00e1 una mayor interacci\u00f3n entre los usuarios y la Cooperativa\u201d<\/em>. En ese sentido, <strong>tambi\u00e9n se solicit\u00f3 su colaboraci\u00f3n en cuanto al armado de dichos grupos de Whatsapp.<\/strong><\/p>\n<p>&nbsp;<\/p>\n<p>Al mismo tiempo se destac\u00f3 la importancia de realizar los<strong> reclamos t\u00e9cnicos a trav\u00e9s de las v\u00edas de comunicaci\u00f3n vigentes<\/strong>, porque de esa manera ingresan de forma inmediata al \u00e1rea t\u00e9cnica para su atenci\u00f3n.<\/p>\n<p>&nbsp;<\/p>\n<p><img data-recalc-dims=\"1\" loading=\"lazy\" decoding=\"async\" class=\"alignnone size-full wp-image-13908\" src=\"https:\/\/i0.wp.com\/cdnoticias.com\/wp-content\/uploads\/2021\/02\/Reunion-Mujeres-Rurales-en-Red-01.jpeg?resize=800%2C450&#038;ssl=1\" alt=\"\" width=\"800\" height=\"450\" srcset=\"https:\/\/i0.wp.com\/cdnoticias.com\/wp-content\/uploads\/2021\/02\/Reunion-Mujeres-Rurales-en-Red-01.jpeg?w=1032&amp;ssl=1 1032w, https:\/\/i0.wp.com\/cdnoticias.com\/wp-content\/uploads\/2021\/02\/Reunion-Mujeres-Rurales-en-Red-01.jpeg?resize=300%2C169&amp;ssl=1 300w, https:\/\/i0.wp.com\/cdnoticias.com\/wp-content\/uploads\/2021\/02\/Reunion-Mujeres-Rurales-en-Red-01.jpeg?resize=768%2C432&amp;ssl=1 768w, https:\/\/i0.wp.com\/cdnoticias.com\/wp-content\/uploads\/2021\/02\/Reunion-Mujeres-Rurales-en-Red-01.jpeg?resize=1024%2C576&amp;ssl=1 1024w\" sizes=\"auto, (max-width: 800px) 100vw, 800px\" \/><\/p>\n<p>&nbsp;<\/p>\n<p><strong>El \u00faltimo gran temporal<\/strong><\/p>\n<p>&nbsp;<\/p>\n<p>Tambi\u00e9n se dialog\u00f3 sobre el <a href=\"https:\/\/cdnoticias.com\/index.php\/2020\/12\/19\/alerta-por-viento-se-registraron-rafagas-de-92-kilometros-por-hora\/\" target=\"_blank\" rel=\"noopener\">temporal ocurrido el 19 de diciembre de 2020<\/a> que, debido a la intensidad y constancia del viento, ocasion\u00f3 da\u00f1os en las instalaciones el\u00e9ctricas de las l\u00edneas troncales y en las derivaciones de los diferentes sistemas rurales de Olavarr\u00eda.<\/p>\n<p>&nbsp;<\/p>\n<p>Se hizo referencia al trabajo realizado por el personal de Coopelectric para poder restituir el Servicio a cada uno de los usuarios que resultaron afectados por el temporal. Desde la entidad cooperativa se explic\u00f3 que se suscitaron demoras en la atenci\u00f3n debido a la envergadura de los da\u00f1os sufridos en las instalaciones de Baja y Media Tensi\u00f3n y producto de la merma de personal a causa de las restricciones impuestas por la pandemia. <strong><em>\u201cPese a estas dificultades, se hizo todo lo humanamente posible para poder solucionar la situaci\u00f3n y normalizar el Servicio El\u00e9ctrico en cada sector\u201d<\/em><\/strong> sostuvo el gerente de Coordinaci\u00f3n Ejecutiva Oscar L\u00f3pez.<\/p>\n<p>&nbsp;<\/p>\n<p>Otro de los temas abordados fue la importancia de realizar<strong> podas en distintas \u00e1reas de la zona rural,<\/strong> ya que muchas veces las ramas de los \u00e1rboles se encuentran pr\u00f3ximas a las l\u00edneas el\u00e9ctricas y con el viento terminan generando interrupciones del servicio.<\/p>\n<p>&nbsp;<\/p>\n<p>En este sentido el Ing. Jorge Vornetti expres\u00f3, <em>\u201cen el marco del Programa Anual de mantenimiento de Redes Rurales, estamos realizando tareas de poda en la zona del Boyero que pertenece al sistema el\u00e9ctrico de Blanca Grande, tambi\u00e9n en Kochi-Tue y tenemos previsto realizar tareas similares en distintos puntos del sistema\u201d,<\/em> y agreg\u00f3 <strong><em>\u201ctambi\u00e9n hay que tener en cuenta que en algunos sectores se presentan complicaciones porque los \u00e1rboles se ubican dentro de la propiedad privada y en ese caso es responsabilidad del usuario la realizaci\u00f3n de esta tarea\u201d.<\/em><\/strong><\/p>\n<p>&nbsp;<\/p>\n<p>Eugenia Bustos, gran conocedora del sistema rural, manifest\u00f3 la intenci\u00f3n de trabajar conjuntamente para que se puedan realizar las podas necesarias dentro de los l\u00edmites de los lotes privados; por lo que Coopelectric propuso <strong>brindar asesoramiento a los vecinos que deseen llevar adelante este tipo de tareas.<\/strong><\/p>\n<p>&nbsp;<\/p>\n<p><em>\u201cEs importante que nos contacten con antelaci\u00f3n para poder asesorarlos y principalmente cumplir con todas las recomendaciones desde el punto de vista de la seguridad el\u00e9ctrica\u201d<\/em>, aclar\u00f3 el subgerente de Asistencia T\u00e9cnica Ing. Daniel Pini.<\/p>\n<p>&nbsp;<\/p>\n","protected":false},"excerpt":{"rendered":"<p>Integrantes del Consejo de Administraci\u00f3n y personal t\u00e9cnico de Coopelectric se reunieron con representantes de Mujeres Rurales en Red. Se<\/p>\n","protected":false},"author":5,"featured_media":13907,"comment_status":"closed","ping_status":"closed","sticky":false,"template":"","format":"standard","meta":{"_jetpack_memberships_contains_paid_content":false,"footnotes":""},"categories":[5,1],"tags":[],"class_list":["post-13906","post","type-post","status-publish","format-standard","has-post-thumbnail","hentry","category-informacion-general","category-portada"],"jetpack_featured_media_url":"https:\/\/i0.wp.com\/cdnoticias.com\/wp-content\/uploads\/2021\/02\/Reunion-Mujeres-Rurales-en-Red-02.jpeg?fit=1032%2C581&ssl=1","jetpack_sharing_enabled":true,"_links":{"self":[{"href":"https:\/\/cdnoticias.com\/index.php\/wp-json\/wp\/v2\/posts\/13906","targetHints":{"allow":["GET"]}}],"collection":[{"href":"https:\/\/cdnoticias.com\/index.php\/wp-json\/wp\/v2\/posts"}],"about":[{"href":"https:\/\/cdnoticias.com\/index.php\/wp-json\/wp\/v2\/types\/post"}],"author":[{"embeddable":true,"href":"https:\/\/cdnoticias.com\/index.php\/wp-json\/wp\/v2\/users\/5"}],"replies":[{"embeddable":true,"href":"https:\/\/cdnoticias.com\/index.php\/wp-json\/wp\/v2\/comments?post=13906"}],"version-history":[{"count":0,"href":"https:\/\/cdnoticias.com\/index.php\/wp-json\/wp\/v2\/posts\/13906\/revisions"}],"wp:featuredmedia":[{"embeddable":true,"href":"https:\/\/cdnoticias.com\/index.php\/wp-json\/wp\/v2\/media\/13907"}],"wp:attachment":[{"href":"https:\/\/cdnoticias.com\/index.php\/wp-json\/wp\/v2\/media?parent=13906"}],"wp:term":[{"taxonomy":"category","embeddable":true,"href":"https:\/\/cdnoticias.com\/index.php\/wp-json\/wp\/v2\/categories?post=13906"},{"taxonomy":"post_tag","embeddable":true,"href":"https:\/\/cdnoticias.com\/index.php\/wp-json\/wp\/v2\/tags?post=13906"}],"curies":[{"name":"wp","href":"https:\/\/api.w.org\/{rel}","templated":true}]}}