{"id":139057,"date":"2023-02-07T19:30:43","date_gmt":"2023-02-07T22:30:43","guid":{"rendered":"http:\/\/centraldeportes.com.ar\/?p=30132"},"modified":"2025-02-10T22:11:57","modified_gmt":"2025-02-11T01:11:57","slug":"reserva-afa-hubo-tres-presencias-de-locales-y-solo-dos-sumaron-minutos","status":"publish","type":"post","link":"https:\/\/cdnoticias.com\/index.php\/2023\/02\/07\/reserva-afa-hubo-tres-presencias-de-locales-y-solo-dos-sumaron-minutos\/","title":{"rendered":"Reserva AFA: hubo tres presencias de locales y solo dos sumaron minutos"},"content":{"rendered":"<p>La categor\u00eda telonera disput\u00f3 de manera completa la 2\u00b0 fecha del Torneo Proyecci\u00f3n, la cual inici\u00f3 el pasado jueves con participaci\u00f3n de tres futbolistas olavarrienses.<!--more--><\/p>\n<hr \/>\n<p>El f\u00fatbol de Reserva prosigui\u00f3 su transcurso con el desarrollo de la 2\u00b0 fecha del Torneo Proyecci\u00f3n. La jornada inici\u00f3 en la ma\u00f1ana del jueves pasado y <strong>de tres presencias de jugadores olavarrienses, solo dos sumaron minutos con sus equipos<\/strong>.<\/p>\n<p>&nbsp;<\/p>\n<p>El primero en salir a la cancha fue <strong>Lautaro Diuono<\/strong> con Sarmiento de Jun\u00edn. El zaguero central <strong>arranc\u00f3 en el once titular y complet\u00f3 los 90 minutos en el empate 0 a 0 como visitante frente a Barracas Central<\/strong>. Es el segundo resultado en tablas que suma el \u201cVerde\u201d en lo que va del torneo.<\/p>\n<p>&nbsp;<\/p>\n<p>Tambi\u00e9n tuvo su inicio desde el arranque <strong>Santiago Salle<\/strong> en Independiente, quien <strong>volvi\u00f3 a ocupar el puesto de lateral derecho en el cotejo que termin\u00f3 \u00a02 a 2 frente a Platense<\/strong>, disputado en el Predio Mariani Dolan.<\/p>\n<p>&nbsp;<\/p>\n<p><strong>El que no sum\u00f3 minutos y estuvo en el banco de suplentes \u201cXeneize\u201d fue el surgido en Loma Negra, Mateo Mend\u00eda<\/strong>. El duelo disputado en Santiago del Estero termin\u00f3 1 a 1 entre Boca y Central C\u00f3rdoba.<\/p>\n<p>&nbsp;<\/p>\n<p>A\u00fan no tuvieron participaci\u00f3n en el certamen Mauricio Cardillo (suspendido), Mateo Alberca, Mateo Clemente y Mateo G\u00f3mez Navarro.<\/p>\n<p>&nbsp;<\/p>\n<p>Foto: <strong>Prensa Independiente<\/strong>.<\/p>\n","protected":false},"excerpt":{"rendered":"<p>La categor\u00eda telonera disput\u00f3 de manera completa la 2\u00b0 fecha del Torneo Proyecci\u00f3n, la cual inici\u00f3 el pasado jueves con<\/p>\n","protected":false},"author":96739694,"featured_media":152871,"comment_status":"closed","ping_status":"closed","sticky":false,"template":"","format":"standard","meta":{"_jetpack_memberships_contains_paid_content":false,"footnotes":""},"categories":[35,37,1],"tags":[],"class_list":["post-139057","post","type-post","status-publish","format-standard","has-post-thumbnail","hentry","category-futbol","category-futbol-profesional","category-portada"],"jetpack_featured_media_url":"https:\/\/i0.wp.com\/cdnoticias.com\/wp-content\/uploads\/2023\/02\/Santiago-Salle-vs-Platense-2%C2%B0-fecha-Reserva-2023-1.jpg?fit=1068%2C712&ssl=1","jetpack_sharing_enabled":true,"_links":{"self":[{"href":"https:\/\/cdnoticias.com\/index.php\/wp-json\/wp\/v2\/posts\/139057","targetHints":{"allow":["GET"]}}],"collection":[{"href":"https:\/\/cdnoticias.com\/index.php\/wp-json\/wp\/v2\/posts"}],"about":[{"href":"https:\/\/cdnoticias.com\/index.php\/wp-json\/wp\/v2\/types\/post"}],"author":[{"embeddable":true,"href":"https:\/\/cdnoticias.com\/index.php\/wp-json\/wp\/v2\/users\/96739694"}],"replies":[{"embeddable":true,"href":"https:\/\/cdnoticias.com\/index.php\/wp-json\/wp\/v2\/comments?post=139057"}],"version-history":[{"count":0,"href":"https:\/\/cdnoticias.com\/index.php\/wp-json\/wp\/v2\/posts\/139057\/revisions"}],"wp:featuredmedia":[{"embeddable":true,"href":"https:\/\/cdnoticias.com\/index.php\/wp-json\/wp\/v2\/media\/152871"}],"wp:attachment":[{"href":"https:\/\/cdnoticias.com\/index.php\/wp-json\/wp\/v2\/media?parent=139057"}],"wp:term":[{"taxonomy":"category","embeddable":true,"href":"https:\/\/cdnoticias.com\/index.php\/wp-json\/wp\/v2\/categories?post=139057"},{"taxonomy":"post_tag","embeddable":true,"href":"https:\/\/cdnoticias.com\/index.php\/wp-json\/wp\/v2\/tags?post=139057"}],"curies":[{"name":"wp","href":"https:\/\/api.w.org\/{rel}","templated":true}]}}