{"id":139055,"date":"2023-02-07T17:24:28","date_gmt":"2023-02-07T20:24:28","guid":{"rendered":"http:\/\/centraldeportes.com.ar\/?p=30126"},"modified":"2025-02-10T22:12:02","modified_gmt":"2025-02-11T01:12:02","slug":"hector-grunewald-participo-en-una-carrera-por-la-playa","status":"publish","type":"post","link":"https:\/\/cdnoticias.com\/index.php\/2023\/02\/07\/hector-grunewald-participo-en-una-carrera-por-la-playa\/","title":{"rendered":"H\u00e9ctor Grunewald particip\u00f3 en una carrera por la playa"},"content":{"rendered":"<p>El pasado domingo se llev\u00f3 a cabo en Necochea la primera carrera llevada a cabo por la Asociaci\u00f3n civil &#8220;El Samaritano Necochea-Quequ\u00e9n&#8221; y H\u00e9ctor Grunewald dijo presente, con podio incluido.<!--more--><\/p>\n<hr \/>\n<p>La competencia tuvo lugar en el parque Miguel Lillo y la playa necochense sobre una distancia de 10K sobre tierra con arena.<\/p>\n<p>&nbsp;<\/p>\n<p>En la carrera organizada por la Asociaci\u00f3n encargada de brindar tratamiento y acompa\u00f1amiento gratuito a personas con problem\u00e1ticas de consumo, H\u00e9ctor Grunewald finaliz\u00f3 en el tercer lugar del podio en la categor\u00eda M\u00e1s de 70 a\u00f1os.<\/p>\n","protected":false},"excerpt":{"rendered":"<p>El pasado domingo se llev\u00f3 a cabo en Necochea la primera carrera llevada a cabo por la Asociaci\u00f3n civil &#8220;El<\/p>\n","protected":false},"author":96739694,"featured_media":152881,"comment_status":"closed","ping_status":"closed","sticky":false,"template":"","format":"standard","meta":{"_jetpack_memberships_contains_paid_content":false,"footnotes":""},"categories":[38,1],"tags":[],"class_list":["post-139055","post","type-post","status-publish","format-standard","has-post-thumbnail","hentry","category-pedestrismo","category-portada"],"jetpack_featured_media_url":"https:\/\/i0.wp.com\/cdnoticias.com\/wp-content\/uploads\/2023\/02\/WhatsApp-Image-2023-02-07-at-15.27.03-e1675799325742.jpeg?fit=360%2C200&ssl=1","jetpack_sharing_enabled":true,"_links":{"self":[{"href":"https:\/\/cdnoticias.com\/index.php\/wp-json\/wp\/v2\/posts\/139055","targetHints":{"allow":["GET"]}}],"collection":[{"href":"https:\/\/cdnoticias.com\/index.php\/wp-json\/wp\/v2\/posts"}],"about":[{"href":"https:\/\/cdnoticias.com\/index.php\/wp-json\/wp\/v2\/types\/post"}],"author":[{"embeddable":true,"href":"https:\/\/cdnoticias.com\/index.php\/wp-json\/wp\/v2\/users\/96739694"}],"replies":[{"embeddable":true,"href":"https:\/\/cdnoticias.com\/index.php\/wp-json\/wp\/v2\/comments?post=139055"}],"version-history":[{"count":0,"href":"https:\/\/cdnoticias.com\/index.php\/wp-json\/wp\/v2\/posts\/139055\/revisions"}],"wp:featuredmedia":[{"embeddable":true,"href":"https:\/\/cdnoticias.com\/index.php\/wp-json\/wp\/v2\/media\/152881"}],"wp:attachment":[{"href":"https:\/\/cdnoticias.com\/index.php\/wp-json\/wp\/v2\/media?parent=139055"}],"wp:term":[{"taxonomy":"category","embeddable":true,"href":"https:\/\/cdnoticias.com\/index.php\/wp-json\/wp\/v2\/categories?post=139055"},{"taxonomy":"post_tag","embeddable":true,"href":"https:\/\/cdnoticias.com\/index.php\/wp-json\/wp\/v2\/tags?post=139055"}],"curies":[{"name":"wp","href":"https:\/\/api.w.org\/{rel}","templated":true}]}}