{"id":13904,"date":"2021-02-16T18:32:55","date_gmt":"2021-02-16T21:32:55","guid":{"rendered":"http:\/\/www.centraldenoticias.com.ar\/?p=13904"},"modified":"2021-02-16T18:32:55","modified_gmt":"2021-02-16T21:32:55","slug":"mirta-ester-san-martin-q-e-p-d","status":"publish","type":"post","link":"https:\/\/cdnoticias.com\/index.php\/2021\/02\/16\/mirta-ester-san-martin-q-e-p-d\/","title":{"rendered":"Mirta Ester San Mart\u00edn (Q.E.P.D.)"},"content":{"rendered":"<p>Falleci\u00f3 en Olavarr\u00eda el 16 de febrero de 2021 a los 71 a\u00f1os. Su compa\u00f1ero N\u00e9stor Ra\u00fal Mar\u00eda; sus hijos Evangelina, M\u00f3nica y Alejandra Arabarco, Emmanuel y Lucrecia Mar\u00eda; sus hijos pol\u00edticos; sus nietos y dem\u00e1s deudos participan su fallecimiento.<\/p>\n<p>&nbsp;<\/p>\n<p>Sus restos ser\u00e1n velados en Espa\u00f1a 2942 departamento \u201cB\u201d (de 8:30 a 10:30) y ser\u00e1n inhumados en el cementerio Loma de Paz, el mi\u00e9rcoles 17 de febrero a las 10:30, previo responso en la capilla ardiente. Vecina del Barrio Hip\u00f3lito Yrigoyen. Nacida en Coronel Pringles. Ama de casa Jubilada.<\/p>\n","protected":false},"excerpt":{"rendered":"<p>Falleci\u00f3 en Olavarr\u00eda el 16 de febrero de 2021 a los 71 a\u00f1os. Su compa\u00f1ero N\u00e9stor Ra\u00fal Mar\u00eda; sus hijos<\/p>\n","protected":false},"author":5,"featured_media":0,"comment_status":"closed","ping_status":"closed","sticky":false,"template":"","format":"standard","meta":{"_jetpack_memberships_contains_paid_content":false,"footnotes":""},"categories":[10],"tags":[],"class_list":["post-13904","post","type-post","status-publish","format-standard","hentry","category-necrologicas"],"jetpack_featured_media_url":"","jetpack_sharing_enabled":true,"_links":{"self":[{"href":"https:\/\/cdnoticias.com\/index.php\/wp-json\/wp\/v2\/posts\/13904","targetHints":{"allow":["GET"]}}],"collection":[{"href":"https:\/\/cdnoticias.com\/index.php\/wp-json\/wp\/v2\/posts"}],"about":[{"href":"https:\/\/cdnoticias.com\/index.php\/wp-json\/wp\/v2\/types\/post"}],"author":[{"embeddable":true,"href":"https:\/\/cdnoticias.com\/index.php\/wp-json\/wp\/v2\/users\/5"}],"replies":[{"embeddable":true,"href":"https:\/\/cdnoticias.com\/index.php\/wp-json\/wp\/v2\/comments?post=13904"}],"version-history":[{"count":0,"href":"https:\/\/cdnoticias.com\/index.php\/wp-json\/wp\/v2\/posts\/13904\/revisions"}],"wp:attachment":[{"href":"https:\/\/cdnoticias.com\/index.php\/wp-json\/wp\/v2\/media?parent=13904"}],"wp:term":[{"taxonomy":"category","embeddable":true,"href":"https:\/\/cdnoticias.com\/index.php\/wp-json\/wp\/v2\/categories?post=13904"},{"taxonomy":"post_tag","embeddable":true,"href":"https:\/\/cdnoticias.com\/index.php\/wp-json\/wp\/v2\/tags?post=13904"}],"curies":[{"name":"wp","href":"https:\/\/api.w.org\/{rel}","templated":true}]}}