{"id":139038,"date":"2023-02-05T01:22:24","date_gmt":"2023-02-05T04:22:24","guid":{"rendered":"http:\/\/centraldeportes.com.ar\/?p=30025"},"modified":"2023-02-05T01:22:24","modified_gmt":"2023-02-05T04:22:24","slug":"el-chaira-consiguio-su-segunda-victoria-en-la-liga-federal-2","status":"publish","type":"post","link":"https:\/\/cdnoticias.com\/index.php\/2023\/02\/05\/el-chaira-consiguio-su-segunda-victoria-en-la-liga-federal-2\/","title":{"rendered":"El \u201cChaira\u201d consigui\u00f3 su segunda victoria en la Liga Federal"},"content":{"rendered":"<p>Racing se qued\u00f3 con un dif\u00edcil partido y volvi\u00f3 a festejar ante su gente en el gimnasio del Parque Olavarr\u00eda. Derrot\u00f3 trabajosamente por 76 a 66 al duro Ferro de General Pico en el marco de la 2\u00b0 fecha de la Divisi\u00f3n Sureste.<!--more--><\/p>\n<hr \/>\n<p>En la continuidad del certamen organizado por la Confederaci\u00f3n Argentina de B\u00e1squet (CAB),<strong> Racing afront\u00f3 su segunda presentaci\u00f3n en la noche de este s\u00e1bado y recibi\u00f3 en su casa a Ferro Carril Oeste de General Pico<\/strong> para disputar la 2\u00b0 fecha de la Divisi\u00f3n Sureste.<\/p>\n<p>&nbsp;<\/p>\n<p>All\u00ed, con buen marco de p\u00fablico presente en el gimnasio del Parque Olavarr\u00eda, <strong>el \u201cChaira\u201d derrot\u00f3 por 76 a 66 al conjunto pampeano<\/strong> en un partido que fue realmente de lo m\u00e1s parejo, muy f\u00edsico y que se resolvi\u00f3 reci\u00e9n en los \u00faltimos minutos del cuarto per\u00edodo.<\/p>\n<p>&nbsp;<\/p>\n<p>El interno platense, <strong>Mart\u00edn Delgado, fue el goleador para los de Orlando con 14 puntos<\/strong> y comparti\u00f3 el puesto de m\u00e1ximo artillero con Quimey Acosta, quien tambi\u00e9n anot\u00f3 14 unidades para el \u201cVerde\u201d.<strong> Adem\u00e1s, en el \u201cChaira\u201d se destacaron Nicol\u00e1s Lorenzo y Mateo Macrini con 12 tantos cada uno<\/strong>.<\/p>\n<p>&nbsp;<\/p>\n<h6><strong>El partido<\/strong><\/h6>\n<p>&nbsp;<\/p>\n<p>Desde el inicio del partido Ferro demostr\u00f3 ser un equipo duro en defensa y peligroso en ataque. Y fue as\u00ed porque comenz\u00f3 mejor que el \u201cChaira\u201d, logr\u00f3 meter la bola en la zona baja y le sac\u00f3 diferencia de 5 puntos a Racing sobre mitad de cuarto, lo que provoc\u00f3 el minuto de Orlando. Luego de la detenci\u00f3n forzada, Racing reaccion\u00f3, volvi\u00f3 a hacerse duro en defensa y a lastimar desde el per\u00edmetro con <strong>Lorenzo y Yaben<\/strong> para pasar a liderar el encuentro.<\/p>\n<p>&nbsp;<\/p>\n<p>En la segunda manga el elenco de la \u201cEstrellita\u201d pudo manejar la ventaja. Si bien traslad\u00f3 inc\u00f3modo el bal\u00f3n producto de la marca alta de los pampeanos, consigui\u00f3 aumentar la diferencia con los pasajes de Lorenzo y los posteos de Leal. Sin embargo, los dirigidos por Alba empezaron a arrimarse con un par de buenas intervenciones en la pintura y, a minutos del cierre, con 8 puntos consecutivos y un triple de Robledo se fue al descanso abajo por 2.<\/p>\n<p>&nbsp;<\/p>\n<p>[soliloquy id=&#8221;30016&#8243;]<\/p>\n<p>&nbsp;<\/p>\n<p>Durante el entretiempo, se disput\u00f3 el duelo correspondiente a la categor\u00eda 3&#215;3. Fue con triunfo 13 a 9 para el equipo de Racing, que estuvo conformado por Tom\u00e1s Baffo, Gianluca Nolasco, Tom\u00e1s Mondini e Iv\u00e1n Leal.<\/p>\n<p>&nbsp;<\/p>\n<p>Ferro sali\u00f3 decidi\u00f3 a remontar en el tercer cuarto y logr\u00f3 empatar en 36 el electr\u00f3nico con ayuda de Pedemonte y Cassachia. Bajo este panorama poco claro para el \u201cChaira\u201d, apareci\u00f3 Mateo Macrini para quebrar el muro defensivo del \u201cVerde\u201d y con 8 unidades al hilo le puso rumbo nuevamente al liderazgo del equipo olavarriense.<\/p>\n<p>&nbsp;<\/p>\n<p>Los \u00faltimos diez minutos fueron realmente parejos y de mucha intensidad. La distancia en el tanteador era corta para un Racing que vio como Ferro se apoder\u00f3 de las segundas pelotas y le dio vuelta el marcador. Sin embargo, un triple de Yaben, una \u201cbomba\u201d de G\u00f3mez Lepez de larga distancia y una volcada de Delgado sobre el final le mostraron al \u201cChaira\u201d el camino final al segundo festejo en la Liga Federal 2023.<\/p>\n<p>&nbsp;<\/p>\n<p>Con poco descanso, Racing volver\u00e1 a presentarse el pr\u00f3ximo lunes para disputar la 3\u00b0 fecha del certamen. Recibir\u00e1 en el Parque Olavarr\u00eda a Independiente de Tandil desde las 21:00 horas.<\/p>\n<p>&nbsp;<\/p>\n<p><strong>S\u00edntesis Racing \u2013 Ferro Carril Oeste (General Pico):<\/strong><\/p>\n<p>Estadio: Parque Olavarr\u00eda.<\/p>\n<p>\u00c1rbitros: Lucas Bianco y Francisco Tenaglia.<\/p>\n<p><strong>Racing (76)<\/strong>: <strong>Dup\u00edn (5), Weisbeck (2), Silber (2), Macrini (12), Delgado (14) \u2013 FI \u2013 Lorenzo (12), G\u00f3mez Lepez (11), Leal (7), Yaben (11). DT \u2013 Mat\u00edas Orlando.<\/strong><\/p>\n<p><strong>Ferro (66)<\/strong>: <strong>Pedemonte (12), Copetti (7), Acosta (14), Cassachia (6), Arrebillaga, T. (10) \u2013 FI \u2013 Cort\u00e9s (10), Robledo (3), Mohnen (0), Villarroel (4). DT \u2013 Diego Alba.<\/strong><\/p>\n<p>Parciales: 15 \u2013 12; 33 \u2013 31; 53 \u2013 45 y 76 \u2013 66.<\/p>\n","protected":false},"excerpt":{"rendered":"<p>Racing se qued\u00f3 con un dif\u00edcil partido y volvi\u00f3 a festejar ante su gente en el gimnasio del Parque Olavarr\u00eda.<\/p>\n","protected":false},"author":96739695,"featured_media":30019,"comment_status":"closed","ping_status":"closed","sticky":false,"template":"","format":"standard","meta":{"_jetpack_memberships_contains_paid_content":false,"footnotes":""},"categories":[31,1,57],"tags":[],"class_list":["post-139038","post","type-post","status-publish","format-standard","has-post-thumbnail","hentry","category-basquet","category-portada","category-torneo-federal"],"jetpack_featured_media_url":"","jetpack_sharing_enabled":true,"_links":{"self":[{"href":"https:\/\/cdnoticias.com\/index.php\/wp-json\/wp\/v2\/posts\/139038","targetHints":{"allow":["GET"]}}],"collection":[{"href":"https:\/\/cdnoticias.com\/index.php\/wp-json\/wp\/v2\/posts"}],"about":[{"href":"https:\/\/cdnoticias.com\/index.php\/wp-json\/wp\/v2\/types\/post"}],"author":[{"embeddable":true,"href":"https:\/\/cdnoticias.com\/index.php\/wp-json\/wp\/v2\/users\/96739695"}],"replies":[{"embeddable":true,"href":"https:\/\/cdnoticias.com\/index.php\/wp-json\/wp\/v2\/comments?post=139038"}],"version-history":[{"count":0,"href":"https:\/\/cdnoticias.com\/index.php\/wp-json\/wp\/v2\/posts\/139038\/revisions"}],"wp:featuredmedia":[{"embeddable":true,"href":"https:\/\/cdnoticias.com\/index.php\/wp-json\/"}],"wp:attachment":[{"href":"https:\/\/cdnoticias.com\/index.php\/wp-json\/wp\/v2\/media?parent=139038"}],"wp:term":[{"taxonomy":"category","embeddable":true,"href":"https:\/\/cdnoticias.com\/index.php\/wp-json\/wp\/v2\/categories?post=139038"},{"taxonomy":"post_tag","embeddable":true,"href":"https:\/\/cdnoticias.com\/index.php\/wp-json\/wp\/v2\/tags?post=139038"}],"curies":[{"name":"wp","href":"https:\/\/api.w.org\/{rel}","templated":true}]}}