{"id":139037,"date":"2023-02-04T19:43:54","date_gmt":"2023-02-04T22:43:54","guid":{"rendered":"http:\/\/centraldeportes.com.ar\/?p=30013"},"modified":"2025-02-10T21:57:40","modified_gmt":"2025-02-11T00:57:40","slug":"la-primera-b-tuvo-la-primera-reunion-del-ano","status":"publish","type":"post","link":"https:\/\/cdnoticias.com\/index.php\/2023\/02\/04\/la-primera-b-tuvo-la-primera-reunion-del-ano\/","title":{"rendered":"La Primera B tuvo la primera reuni\u00f3n del a\u00f1o"},"content":{"rendered":"<p>D\u00edas atr\u00e1s se llev\u00f3 a cabo la primera reuni\u00f3n del a\u00f1o para la Primera B del f\u00fatbol olavarriense para comenzar a diagramar la actividad.<!--more--><\/p>\n<hr \/>\n<p>En la Liga de F\u00fatbol de Olavarr\u00eda, se reunieron los representantes de los clubes que integran la Primera B y comenzaron a darle forma al nuevo torneo para el a\u00f1o que comienza.<\/p>\n<p>&nbsp;<\/p>\n<p>Fabricio Schneider encabez\u00f3 la reuni\u00f3n y fue el representante liguista. Adem\u00e1s,se hicieron presentes a la convocatoria, Club Mu\u00f1oz, Recalde, Independiente de Colonia San Miguel, Pueyrred\u00f3n, Defensores de Hinojo, Villa Magdalena y Sociedad de Fomento San Lorenzo. Ausente con aviso estuvo el Club Crotto que tambi\u00e9n formar\u00e1 parte de la categor\u00eda.<\/p>\n<p>&nbsp;<\/p>\n<p>Seg\u00fan trascendi\u00f3, mientras Independiente ya comenz\u00f3 con la pretemporada, que se existe la posibilidad de sumar a un equipo m\u00e1s a los torneos del 2023.<\/p>\n","protected":false},"excerpt":{"rendered":"<p>D\u00edas atr\u00e1s se llev\u00f3 a cabo la primera reuni\u00f3n del a\u00f1o para la Primera B del f\u00fatbol olavarriense para comenzar<\/p>\n","protected":false},"author":96739694,"featured_media":152840,"comment_status":"closed","ping_status":"closed","sticky":false,"template":"","format":"standard","meta":{"_jetpack_memberships_contains_paid_content":false,"footnotes":""},"categories":[35,1,41],"tags":[],"class_list":["post-139037","post","type-post","status-publish","format-standard","has-post-thumbnail","hentry","category-futbol","category-portada","category-primera-y-reserva"],"jetpack_featured_media_url":"https:\/\/i0.wp.com\/cdnoticias.com\/wp-content\/uploads\/2023\/02\/reunion-primera-b.jpeg?fit=1600%2C1200&ssl=1","jetpack_sharing_enabled":true,"_links":{"self":[{"href":"https:\/\/cdnoticias.com\/index.php\/wp-json\/wp\/v2\/posts\/139037","targetHints":{"allow":["GET"]}}],"collection":[{"href":"https:\/\/cdnoticias.com\/index.php\/wp-json\/wp\/v2\/posts"}],"about":[{"href":"https:\/\/cdnoticias.com\/index.php\/wp-json\/wp\/v2\/types\/post"}],"author":[{"embeddable":true,"href":"https:\/\/cdnoticias.com\/index.php\/wp-json\/wp\/v2\/users\/96739694"}],"replies":[{"embeddable":true,"href":"https:\/\/cdnoticias.com\/index.php\/wp-json\/wp\/v2\/comments?post=139037"}],"version-history":[{"count":0,"href":"https:\/\/cdnoticias.com\/index.php\/wp-json\/wp\/v2\/posts\/139037\/revisions"}],"wp:featuredmedia":[{"embeddable":true,"href":"https:\/\/cdnoticias.com\/index.php\/wp-json\/wp\/v2\/media\/152840"}],"wp:attachment":[{"href":"https:\/\/cdnoticias.com\/index.php\/wp-json\/wp\/v2\/media?parent=139037"}],"wp:term":[{"taxonomy":"category","embeddable":true,"href":"https:\/\/cdnoticias.com\/index.php\/wp-json\/wp\/v2\/categories?post=139037"},{"taxonomy":"post_tag","embeddable":true,"href":"https:\/\/cdnoticias.com\/index.php\/wp-json\/wp\/v2\/tags?post=139037"}],"curies":[{"name":"wp","href":"https:\/\/api.w.org\/{rel}","templated":true}]}}