{"id":139035,"date":"2023-02-04T17:02:32","date_gmt":"2023-02-04T20:02:32","guid":{"rendered":"http:\/\/centraldeportes.com.ar\/?p=30006"},"modified":"2025-02-10T21:57:45","modified_gmt":"2025-02-11T00:57:45","slug":"horacio-pereyra-fue-el-campeon-de-la-copa-olaphone","status":"publish","type":"post","link":"https:\/\/cdnoticias.com\/index.php\/2023\/02\/04\/horacio-pereyra-fue-el-campeon-de-la-copa-olaphone\/","title":{"rendered":"Horacio Pereyra fue el campe\u00f3n de la \u201cCopa Olaphone\u201d"},"content":{"rendered":"<p>El pasado mi\u00e9rcoles lleg\u00f3 a su fin el primer torneo del a\u00f1o organizado por la Federaci\u00f3n de Ajedrez de Olavarr\u00eda y fue con t\u00edtulo para Horaci\u00f3 Pereyra.<!--more--><\/p>\n<hr \/>\n<p>En las instalaciones de la Biblioteca Popular \u201cH\u00e9ctor Nicol\u00e1s Amoroso\u201d, se disput\u00f3 la cuarta y \u00faltima de las etapas de la competencia denominada \u201cBlitz F.A.O. \u2013 Copa Olaphone\u201d.<\/p>\n<p>&nbsp;<\/p>\n<p>El Torneo que se jug\u00f3 bajo la modalidad del Sistema Suizo, a 7 rondas con un tiempo de reflexi\u00f3n de 3 minutos iniciales por jugador m\u00e1s 2 segundos de incremento por jugada realizada cont\u00f3 con un importante n\u00famero de deportistas, siendo 26 los participantes.<\/p>\n<p>&nbsp;<\/p>\n<p>Al cabo de 7 rondas, el ex campe\u00f3n local Jorge Luque quien finaliz\u00f3 al tope de las posiciones en solitario con 6 puntos, siendo escoltado por el actual pentacampe\u00f3n local Horacio Pereyra y Alan Pedreira, ambos con 5\u00bd.<\/p>\n<p>&nbsp;<\/p>\n<p>Horacio Pereyra con 25\u00bd puntos fue el gran campe\u00f3n y fue escoltado por Augusto Ara\u00f1a con 21 puntos y 3\u00b0 Mat\u00edas Heht con 20. P or su parte, los ganadores de las siguientes categor\u00edas recibieron diplomas: Sub 18: Agust\u00edn Lamique; Senior: Gustavo Godoy con 17\u00bd puntos; Mejor Dama: Mar\u00eda Jos\u00e9 Finet con 10 puntos.<\/p>\n<p>&nbsp;<\/p>\n<p>Finalizada la \u00faltima etapa tuvo lugar la entrega de premios, donde la Comisi\u00f3n Directiva aprovech\u00f3 para agradecer a todos los jugadores por su acompa\u00f1amiento y compromiso, al comercio local \u201cOlaphone\u201d por apoyar el evento.<\/p>\n","protected":false},"excerpt":{"rendered":"<p>El pasado mi\u00e9rcoles lleg\u00f3 a su fin el primer torneo del a\u00f1o organizado por la Federaci\u00f3n de Ajedrez de Olavarr\u00eda<\/p>\n","protected":false},"author":96739694,"featured_media":152849,"comment_status":"closed","ping_status":"closed","sticky":false,"template":"","format":"standard","meta":{"_jetpack_memberships_contains_paid_content":false,"footnotes":""},"categories":[30,1],"tags":[],"class_list":["post-139035","post","type-post","status-publish","format-standard","has-post-thumbnail","hentry","category-polideportivo","category-portada"],"jetpack_featured_media_url":"https:\/\/i0.wp.com\/cdnoticias.com\/wp-content\/uploads\/2023\/02\/WhatsApp-Image-2023-02-04-at-14.41.29.jpeg?fit=1280%2C860&ssl=1","jetpack_sharing_enabled":true,"_links":{"self":[{"href":"https:\/\/cdnoticias.com\/index.php\/wp-json\/wp\/v2\/posts\/139035","targetHints":{"allow":["GET"]}}],"collection":[{"href":"https:\/\/cdnoticias.com\/index.php\/wp-json\/wp\/v2\/posts"}],"about":[{"href":"https:\/\/cdnoticias.com\/index.php\/wp-json\/wp\/v2\/types\/post"}],"author":[{"embeddable":true,"href":"https:\/\/cdnoticias.com\/index.php\/wp-json\/wp\/v2\/users\/96739694"}],"replies":[{"embeddable":true,"href":"https:\/\/cdnoticias.com\/index.php\/wp-json\/wp\/v2\/comments?post=139035"}],"version-history":[{"count":0,"href":"https:\/\/cdnoticias.com\/index.php\/wp-json\/wp\/v2\/posts\/139035\/revisions"}],"wp:featuredmedia":[{"embeddable":true,"href":"https:\/\/cdnoticias.com\/index.php\/wp-json\/wp\/v2\/media\/152849"}],"wp:attachment":[{"href":"https:\/\/cdnoticias.com\/index.php\/wp-json\/wp\/v2\/media?parent=139035"}],"wp:term":[{"taxonomy":"category","embeddable":true,"href":"https:\/\/cdnoticias.com\/index.php\/wp-json\/wp\/v2\/categories?post=139035"},{"taxonomy":"post_tag","embeddable":true,"href":"https:\/\/cdnoticias.com\/index.php\/wp-json\/wp\/v2\/tags?post=139035"}],"curies":[{"name":"wp","href":"https:\/\/api.w.org\/{rel}","templated":true}]}}