{"id":139023,"date":"2023-02-02T18:29:03","date_gmt":"2023-02-02T21:29:03","guid":{"rendered":"http:\/\/centraldeportes.com.ar\/?p=29960"},"modified":"2025-02-10T21:55:26","modified_gmt":"2025-02-11T00:55:26","slug":"el-fortin-inicio-con-el-proyecto-de-verano-de-llevar-el-rugby-a-las-colonias","status":"publish","type":"post","link":"https:\/\/cdnoticias.com\/index.php\/2023\/02\/02\/el-fortin-inicio-con-el-proyecto-de-verano-de-llevar-el-rugby-a-las-colonias\/","title":{"rendered":"El Fort\u00edn inici\u00f3 con el proyecto de verano de llevar el rugby a las colonias"},"content":{"rendered":"<p>Organizado por el Club El Fort\u00edn y llevado a cabo en diferentes colonias de verano, el staff de docentes del rugby \u201cFortinero\u201d lleva a cabo el 1\u00b0 proyecto estival. Adem\u00e1s, las categor\u00edas superiores empezaron a entrenar.<!--more--><\/p>\n<hr \/>\n<p>Desde hace varios d\u00edas se lleva a cabo el primer proyecto de verano desarrollado en el Ricardo S\u00e1nchez buscando difundir el rugby y su juego, transmitir y dar a conocer lo que es realmente este deporte.<\/p>\n<p>&nbsp;<\/p>\n<p>La propuesta estival se basa en ir a llevar propuestas l\u00fadicas a chicos y chicas que asisten a diferentes colonias del partido, idea que se suma a la de acercar el deporte al proyecto anual donde el rugby se acerca a las escuelas.<\/p>\n<p>&nbsp;<\/p>\n<p>Adem\u00e1s, las categor\u00edas superiores de Femenino y Masculino iniciaron con la pretemporada de cara a un nuevo a\u00f1o para participar en los cert\u00e1menes organizados por la Uni\u00f3n de Rugby del Oeste de Buenos Aires.<\/p>\n<p>&nbsp;<\/p>\n<p>Los entrenamientos para las categor\u00edas mayores ya se llevan a cabo en los diferentes escenarios de la entidad y a\u00fan resta definir la fecha de inicio para los juveniles. Kinder e Infantiles dar\u00e1n inicio el 7 de marzo el calendario anual y las diferentes actividades.<\/p>\n<p>&nbsp;<\/p>\n<p>Adem\u00e1s, informaron que el staff de docentes busca ampliar su grupo de trabajo y se encuentran en la b\u00fasqueda de un estudiante o profesor de educaci\u00f3n f\u00edsica y quienes est\u00e9n interesados deber\u00e1n comunicarse al 2284-713963.<\/p>\n","protected":false},"excerpt":{"rendered":"<p>Organizado por el Club El Fort\u00edn y llevado a cabo en diferentes colonias de verano, el staff de docentes del<\/p>\n","protected":false},"author":96739694,"featured_media":152789,"comment_status":"closed","ping_status":"closed","sticky":false,"template":"","format":"standard","meta":{"_jetpack_memberships_contains_paid_content":false,"footnotes":""},"categories":[30,1],"tags":[],"class_list":["post-139023","post","type-post","status-publish","format-standard","has-post-thumbnail","hentry","category-polideportivo","category-portada"],"jetpack_featured_media_url":"https:\/\/i0.wp.com\/cdnoticias.com\/wp-content\/uploads\/2023\/02\/WhatsApp-Image-2023-02-01-at-19.47.17.jpeg?fit=1280%2C625&ssl=1","jetpack_sharing_enabled":true,"_links":{"self":[{"href":"https:\/\/cdnoticias.com\/index.php\/wp-json\/wp\/v2\/posts\/139023","targetHints":{"allow":["GET"]}}],"collection":[{"href":"https:\/\/cdnoticias.com\/index.php\/wp-json\/wp\/v2\/posts"}],"about":[{"href":"https:\/\/cdnoticias.com\/index.php\/wp-json\/wp\/v2\/types\/post"}],"author":[{"embeddable":true,"href":"https:\/\/cdnoticias.com\/index.php\/wp-json\/wp\/v2\/users\/96739694"}],"replies":[{"embeddable":true,"href":"https:\/\/cdnoticias.com\/index.php\/wp-json\/wp\/v2\/comments?post=139023"}],"version-history":[{"count":0,"href":"https:\/\/cdnoticias.com\/index.php\/wp-json\/wp\/v2\/posts\/139023\/revisions"}],"wp:featuredmedia":[{"embeddable":true,"href":"https:\/\/cdnoticias.com\/index.php\/wp-json\/wp\/v2\/media\/152789"}],"wp:attachment":[{"href":"https:\/\/cdnoticias.com\/index.php\/wp-json\/wp\/v2\/media?parent=139023"}],"wp:term":[{"taxonomy":"category","embeddable":true,"href":"https:\/\/cdnoticias.com\/index.php\/wp-json\/wp\/v2\/categories?post=139023"},{"taxonomy":"post_tag","embeddable":true,"href":"https:\/\/cdnoticias.com\/index.php\/wp-json\/wp\/v2\/tags?post=139023"}],"curies":[{"name":"wp","href":"https:\/\/api.w.org\/{rel}","templated":true}]}}