{"id":139017,"date":"2023-02-01T18:50:11","date_gmt":"2023-02-01T21:50:11","guid":{"rendered":"http:\/\/centraldeportes.com.ar\/?p=29923"},"modified":"2025-02-10T21:53:36","modified_gmt":"2025-02-11T00:53:36","slug":"manuel-gonzalez-las-cosas-no-salieron-la-bola-no-entro-y-eso-nos-cambio-la-cabeza","status":"publish","type":"post","link":"https:\/\/cdnoticias.com\/index.php\/2023\/02\/01\/manuel-gonzalez-las-cosas-no-salieron-la-bola-no-entro-y-eso-nos-cambio-la-cabeza\/","title":{"rendered":"Manuel Gonz\u00e1lez: \u201cLas cosas no salieron, la bola no entr\u00f3 y eso nos cambi\u00f3 la cabeza\u201d"},"content":{"rendered":"<p>Respondi\u00f3 sin escr\u00fapulos el t\u00e9cnico de Estudiantes minutos despu\u00e9s de la derrota frente a Racing en el debut por Liga Federal.<!--more--><\/p>\n<hr \/>\n<p>El \u201cBata\u201d se fue del Parque Olavarr\u00eda con la cabeza gacha <a href=\"https:\/\/cdnoticias.com\/racing-se-adueno-del-clasico-y-debuto-con-victoria-en-la-liga-federal\/\">tras caer el pasado lunes<\/a> frente a su cl\u00e1sico rival en el marco de la 1\u00b0 fecha del certamen organizado por la Confederaci\u00f3n Argentina de B\u00e1squet (CAB). Tiempo despu\u00e9s, <strong>en el post partido, Manuel Gonz\u00e1lez tom\u00f3 la palabra e hizo un balance de la derrota de su equipo<\/strong>.<\/p>\n<p>&nbsp;<\/p>\n<p>\u201c<em><strong>Esper\u00e1bamos un partido dif\u00edcil pero no afrontarlo de la forma que lo hicimos<\/strong>\u201d<\/em>, afirm\u00f3 tajante el entrenador y sigui\u00f3 en la misma l\u00ednea: <em>\u201c<strong>Las cosas no salieron, la bola no entr\u00f3 y eso nos cambi\u00f3 la cabeza<\/strong>\u201d, <\/em>se sincer\u00f3.<\/p>\n<p>&nbsp;<\/p>\n<p>Los n\u00fameros, en cuanto a tiros de campo, no fueron buenos para Estudiantes: \u201c<em><strong>Tuvimos 0 de 20 en triples, algo que nunca vi en un nivel profesional<\/strong>, \u00a0adem\u00e1s erramos muchos tiros libres y eso hizo que nuestra cabeza empiece a caer<\/em>\u201d, cont\u00f3 Gonz\u00e1lez y m\u00e1s tarde continu\u00f3: <em>\u201c<strong>Hay que hacer hincapi\u00e9 en que es el arranque<\/strong>, el primer partido de la Fase Regular y <strong>solo nos queda seguir trabajando<\/strong>\u201d.<\/em><\/p>\n<p>&nbsp;<\/p>\n<p><img data-recalc-dims=\"1\" loading=\"lazy\" decoding=\"async\" class=\"aligncenter  wp-image-29862\" src=\"https:\/\/i0.wp.com\/centraldeportes.com.ar\/wp-content\/uploads\/2023\/01\/racing-cae-federal-6.png?resize=755%2C503\" alt=\"\" width=\"755\" height=\"503\" \/><\/p>\n<p>&nbsp;<\/p>\n<blockquote><p>\u201cRacing nos dio un golpe de realidad, fue un D\u00e9j\u00e0 Vu de c\u00f3mo arranc\u00f3 el anterior Pre-Federal\u201d.<\/p><\/blockquote>\n<p>&nbsp;<\/p>\n<p>El elenco \u201cAlbinegro\u201d tendr\u00e1 la chance de reponerse frente a Ferro de General Pico: <em>\u201c<strong>Hay que aprovechar todos los partidos de local porque va a ser muy dif\u00edcil ganar de visitante<\/strong>\u201d<\/em>, sostuvo Manuel y cerr\u00f3: <em>\u201cTenemos la ilusi\u00f3n de ganar pero no perdemos los pies sobre la tierra\u201d.<\/em><\/p>\n<p>&nbsp;<\/p>\n<p>El partido ser\u00e1 el pr\u00f3ximo <strong>domingo 5\u00a0<\/strong>en el Maxigimnasio del Parque Guerrero, donde <strong>el \u201cBata\u201d estar\u00e1 enfrentando al elenco pampeano desde las 21:00 horas<\/strong>.<\/p>\n","protected":false},"excerpt":{"rendered":"<p>Respondi\u00f3 sin escr\u00fapulos el t\u00e9cnico de Estudiantes minutos despu\u00e9s de la derrota frente a Racing en el debut por Liga<\/p>\n","protected":false},"author":96739694,"featured_media":152709,"comment_status":"closed","ping_status":"closed","sticky":false,"template":"","format":"standard","meta":{"_jetpack_memberships_contains_paid_content":false,"footnotes":""},"categories":[31,1,57],"tags":[],"class_list":["post-139017","post","type-post","status-publish","format-standard","has-post-thumbnail","hentry","category-basquet","category-portada","category-torneo-federal"],"jetpack_featured_media_url":"https:\/\/i0.wp.com\/cdnoticias.com\/wp-content\/uploads\/2023\/01\/cae-presentacion-11.jpeg?fit=1280%2C853&ssl=1","jetpack_sharing_enabled":true,"_links":{"self":[{"href":"https:\/\/cdnoticias.com\/index.php\/wp-json\/wp\/v2\/posts\/139017","targetHints":{"allow":["GET"]}}],"collection":[{"href":"https:\/\/cdnoticias.com\/index.php\/wp-json\/wp\/v2\/posts"}],"about":[{"href":"https:\/\/cdnoticias.com\/index.php\/wp-json\/wp\/v2\/types\/post"}],"author":[{"embeddable":true,"href":"https:\/\/cdnoticias.com\/index.php\/wp-json\/wp\/v2\/users\/96739694"}],"replies":[{"embeddable":true,"href":"https:\/\/cdnoticias.com\/index.php\/wp-json\/wp\/v2\/comments?post=139017"}],"version-history":[{"count":0,"href":"https:\/\/cdnoticias.com\/index.php\/wp-json\/wp\/v2\/posts\/139017\/revisions"}],"wp:featuredmedia":[{"embeddable":true,"href":"https:\/\/cdnoticias.com\/index.php\/wp-json\/wp\/v2\/media\/152709"}],"wp:attachment":[{"href":"https:\/\/cdnoticias.com\/index.php\/wp-json\/wp\/v2\/media?parent=139017"}],"wp:term":[{"taxonomy":"category","embeddable":true,"href":"https:\/\/cdnoticias.com\/index.php\/wp-json\/wp\/v2\/categories?post=139017"},{"taxonomy":"post_tag","embeddable":true,"href":"https:\/\/cdnoticias.com\/index.php\/wp-json\/wp\/v2\/tags?post=139017"}],"curies":[{"name":"wp","href":"https:\/\/api.w.org\/{rel}","templated":true}]}}