{"id":139004,"date":"2023-01-30T15:37:58","date_gmt":"2023-01-30T18:37:58","guid":{"rendered":"http:\/\/centraldeportes.com.ar\/?p=29834"},"modified":"2025-02-10T21:51:59","modified_gmt":"2025-02-11T00:51:59","slug":"leandro-messineo-el-mejor-argentino-de-la-vuelta-a-san-juan","status":"publish","type":"post","link":"https:\/\/cdnoticias.com\/index.php\/2023\/01\/30\/leandro-messineo-el-mejor-argentino-de-la-vuelta-a-san-juan\/","title":{"rendered":"Leandro Messineo, el mejor argentino de la \u201cVuelta a San Juan\u201d"},"content":{"rendered":"<p>Durante una semana se llev\u00f3 a cabo una nueva edici\u00f3n de la \u201cVuelta a San Juan\u201d y el mejor argentino fue el olavarriense Leandro Messineo.<!--more--><\/p>\n<hr \/>\n<p>En la tarde del domingo lleg\u00f3 a su fin la 39\u00b0 edici\u00f3n de la competencia tradicional del ciclismo argentino y hubo una destacada actuaci\u00f3n del representante olavarriense que defiende al equipo Chimbas Te Quiero.<\/p>\n<p>&nbsp;<\/p>\n<p>El colombiano Miguel \u201cSuperman\u201d L\u00f3pez fue campe\u00f3n disputadas las siete etapas del recorrido y el mejor ciclista argentino fue Leandro Messineo que se ubic\u00f3 11\u00b0 en la clasificaci\u00f3n definitoria con 25 horas, 42 minutos y 53 segundos.<\/p>\n<p>&nbsp;<\/p>\n<p>Messineo hab\u00eda logrado una actuaci\u00f3n en la \u201cEtapa Reina\u201d en el ascenso a lo m\u00e1s alto de &#8220;El Colorado&#8221;, quedando muy cerca de ganar la prueba y finalizando en el puesto 13\u00b0.<\/p>\n","protected":false},"excerpt":{"rendered":"<p>Durante una semana se llev\u00f3 a cabo una nueva edici\u00f3n de la \u201cVuelta a San Juan\u201d y el mejor argentino<\/p>\n","protected":false},"author":96739694,"featured_media":152659,"comment_status":"closed","ping_status":"closed","sticky":false,"template":"","format":"standard","meta":{"_jetpack_memberships_contains_paid_content":false,"footnotes":""},"categories":[30,1],"tags":[],"class_list":["post-139004","post","type-post","status-publish","format-standard","has-post-thumbnail","hentry","category-polideportivo","category-portada"],"jetpack_featured_media_url":"https:\/\/i0.wp.com\/cdnoticias.com\/wp-content\/uploads\/2023\/01\/2023-01-29-VUELTA-A-SAN-JUAN-ETAPA-7-Leandro-Messineo-fue-el-mejor-argentino-en-la-Vuelta-a-San-Juan.jpg?fit=1004%2C669&ssl=1","jetpack_sharing_enabled":true,"_links":{"self":[{"href":"https:\/\/cdnoticias.com\/index.php\/wp-json\/wp\/v2\/posts\/139004","targetHints":{"allow":["GET"]}}],"collection":[{"href":"https:\/\/cdnoticias.com\/index.php\/wp-json\/wp\/v2\/posts"}],"about":[{"href":"https:\/\/cdnoticias.com\/index.php\/wp-json\/wp\/v2\/types\/post"}],"author":[{"embeddable":true,"href":"https:\/\/cdnoticias.com\/index.php\/wp-json\/wp\/v2\/users\/96739694"}],"replies":[{"embeddable":true,"href":"https:\/\/cdnoticias.com\/index.php\/wp-json\/wp\/v2\/comments?post=139004"}],"version-history":[{"count":0,"href":"https:\/\/cdnoticias.com\/index.php\/wp-json\/wp\/v2\/posts\/139004\/revisions"}],"wp:featuredmedia":[{"embeddable":true,"href":"https:\/\/cdnoticias.com\/index.php\/wp-json\/wp\/v2\/media\/152659"}],"wp:attachment":[{"href":"https:\/\/cdnoticias.com\/index.php\/wp-json\/wp\/v2\/media?parent=139004"}],"wp:term":[{"taxonomy":"category","embeddable":true,"href":"https:\/\/cdnoticias.com\/index.php\/wp-json\/wp\/v2\/categories?post=139004"},{"taxonomy":"post_tag","embeddable":true,"href":"https:\/\/cdnoticias.com\/index.php\/wp-json\/wp\/v2\/tags?post=139004"}],"curies":[{"name":"wp","href":"https:\/\/api.w.org\/{rel}","templated":true}]}}