{"id":138999,"date":"2023-01-29T15:49:19","date_gmt":"2023-01-29T18:49:19","guid":{"rendered":"http:\/\/centraldeportes.com.ar\/?p=29788"},"modified":"2025-02-10T21:52:13","modified_gmt":"2025-02-11T00:52:13","slug":"la-idea-es-que-no-se-vea-la-diferencia-de-los-que-entran-y-los-que-estan-en-la-cancha","status":"publish","type":"post","link":"https:\/\/cdnoticias.com\/index.php\/2023\/01\/29\/la-idea-es-que-no-se-vea-la-diferencia-de-los-que-entran-y-los-que-estan-en-la-cancha\/","title":{"rendered":"\u201cLa idea es que no se vea la diferencia de los que entran y los que est\u00e1n en la cancha\u201d"},"content":{"rendered":"<p>Afirm\u00f3 Franco Piccinelli en la previa del debut frente a Racing en el Parque Olavarr\u00eda. Adem\u00e1s, otro de los protagonistas que palpit\u00f3 el cl\u00e1sico fue Luciano Dilascio: \u201c<em>Vamos a intentar darlo todo en el Federal e ir para adelante<\/em>\u201d.<!--more--><\/p>\n<hr \/>\n<p><strong>Estudiantes<\/strong>, un hist\u00f3rico del b\u00e1squet olavarriense,<strong> se prepara para dar el salto inicial y volver\u00e1 a competir nuevamente en un certamen nacional tras su paso por la Liga Argentina 2021\/2022<\/strong>. Esta vez ser\u00e1 un escal\u00f3n m\u00e1s abajo, la tercera categor\u00eda del b\u00e1squetbol argentino, y <strong>en el debut enfrentar\u00e1 a su cl\u00e1sico rival el pr\u00f3ximo lunes desde las 21:00<\/strong>.<\/p>\n<p>&nbsp;<\/p>\n<p>El pasado viernes, en las instalaciones de BinBaires, el elenco \u201cAlbinegro\u201d <a href=\"https:\/\/cdnoticias.com\/estudiantes-presento-la-indumentaria-que-usara-en-la-liga-federal\/\">present\u00f3 formalmente<\/a> el plantel y la vestimenta que utilizar\u00e1 en el Federal. Asimismo,<strong> Franco Piccinelli y Luciano Dilascio<\/strong>, dos de las cartas con las que contar\u00e1 Manuel Gonz\u00e1lez palpitaron el inicio del torneo y el partido frente al \u201cChaira\u201d.<\/p>\n<p>&nbsp;<\/p>\n<p><em>\u201cEstamos con ganas de arrancar y prepar\u00e1ndonos muy bien. <strong>Se est\u00e1 formando un lindo grupo, confiamos en lo que tenemos para dar y siempre dejando todo<\/strong>\u201d<\/em>, se explay\u00f3 en primer t\u00e9rmino Piccinelli.<\/p>\n<p>&nbsp;<\/p>\n<p>Adem\u00e1s, el ala-pivot \u201cBataraz\u201d dej\u00f3 en claro que \u201c<em>Me tomo mi rol con muchas ganas, <strong>estoy muy contento por la oportunidad de jugar el Federal y tengo muchas expectativas<\/strong><\/em>\u201d y en base al equipo que se form\u00f3: \u201c<em><strong>Tenemos algunos buenos refuerzos que nos van a dar un golpe de calidad, de experiencia y estamos trabajando mucho la intensidad<\/strong>\u201d<\/em>, solt\u00f3.<\/p>\n<p>&nbsp;<\/p>\n<p><img data-recalc-dims=\"1\" loading=\"lazy\" decoding=\"async\" class=\"aligncenter size-full wp-image-26332\" src=\"https:\/\/i0.wp.com\/centraldeportes.com.ar\/wp-content\/uploads\/2022\/11\/Photo_1667788362780.jpg?resize=800%2C533\" alt=\"\" width=\"800\" height=\"533\" \/><\/p>\n<p>&nbsp;<\/p>\n<p>Por su parte <strong>Luciano Dilascio<\/strong>, jugador surgido de las Inferiores del conjunto \u201cAlbinegro\u201d cont\u00f3 que \u201c<em><strong>Es Racing y le queremos ganar, ser m\u00e1s intensos que nunca y estamos trabajando en eso<\/strong>\u201d, <\/em>en base a lo que ser\u00e1 el arranque de la competencia con el cl\u00e1sico olavarriense.<\/p>\n<p>&nbsp;<\/p>\n<p>Bajo la misma l\u00ednea, el base recalc\u00f3: \u201c<strong><em>Desde mi lugar y lo que me toque intentar\u00e9 dar lo mejor. Estamos muy bien y mejorando d\u00eda a d\u00eda de cara al debut<\/em><\/strong>\u201d, concluy\u00f3.<\/p>\n<p>&nbsp;<\/p>\n<p>Fuente: <strong>Prensa CAE<\/strong>.<\/p>\n","protected":false},"excerpt":{"rendered":"<p>Afirm\u00f3 Franco Piccinelli en la previa del debut frente a Racing en el Parque Olavarr\u00eda. Adem\u00e1s, otro de los protagonistas<\/p>\n","protected":false},"author":96739694,"featured_media":152684,"comment_status":"closed","ping_status":"closed","sticky":false,"template":"","format":"standard","meta":{"_jetpack_memberships_contains_paid_content":false,"footnotes":""},"categories":[31,1,57],"tags":[],"class_list":["post-138999","post","type-post","status-publish","format-standard","has-post-thumbnail","hentry","category-basquet","category-portada","category-torneo-federal"],"jetpack_featured_media_url":"https:\/\/i0.wp.com\/cdnoticias.com\/wp-content\/uploads\/2022\/10\/cae-andes-10.jpeg?fit=1500%2C1000&ssl=1","jetpack_sharing_enabled":true,"_links":{"self":[{"href":"https:\/\/cdnoticias.com\/index.php\/wp-json\/wp\/v2\/posts\/138999","targetHints":{"allow":["GET"]}}],"collection":[{"href":"https:\/\/cdnoticias.com\/index.php\/wp-json\/wp\/v2\/posts"}],"about":[{"href":"https:\/\/cdnoticias.com\/index.php\/wp-json\/wp\/v2\/types\/post"}],"author":[{"embeddable":true,"href":"https:\/\/cdnoticias.com\/index.php\/wp-json\/wp\/v2\/users\/96739694"}],"replies":[{"embeddable":true,"href":"https:\/\/cdnoticias.com\/index.php\/wp-json\/wp\/v2\/comments?post=138999"}],"version-history":[{"count":0,"href":"https:\/\/cdnoticias.com\/index.php\/wp-json\/wp\/v2\/posts\/138999\/revisions"}],"wp:featuredmedia":[{"embeddable":true,"href":"https:\/\/cdnoticias.com\/index.php\/wp-json\/wp\/v2\/media\/152684"}],"wp:attachment":[{"href":"https:\/\/cdnoticias.com\/index.php\/wp-json\/wp\/v2\/media?parent=138999"}],"wp:term":[{"taxonomy":"category","embeddable":true,"href":"https:\/\/cdnoticias.com\/index.php\/wp-json\/wp\/v2\/categories?post=138999"},{"taxonomy":"post_tag","embeddable":true,"href":"https:\/\/cdnoticias.com\/index.php\/wp-json\/wp\/v2\/tags?post=138999"}],"curies":[{"name":"wp","href":"https:\/\/api.w.org\/{rel}","templated":true}]}}