{"id":138996,"date":"2023-01-28T22:06:25","date_gmt":"2023-01-29T01:06:25","guid":{"rendered":"http:\/\/centraldeportes.com.ar\/?p=29777"},"modified":"2025-02-10T21:50:52","modified_gmt":"2025-02-11T00:50:52","slug":"paso-la-tercera-remada-nocturna","status":"publish","type":"post","link":"https:\/\/cdnoticias.com\/index.php\/2023\/01\/28\/paso-la-tercera-remada-nocturna\/","title":{"rendered":"Pas\u00f3 la tercera remada nocturna"},"content":{"rendered":"<p>Con la tercera edici\u00f3n del a\u00f1o de las remadas nocturnas organizadas por la secci\u00f3n de canotaje de Estudiantes, este s\u00e1bado unas 50 personas se hicieron presentes en una velada que poco a poco se va transformando en un \u00edcono del verano para el club y las familias.<\/p>\n<p><!--more--><\/p>\n<hr \/>\n<p>Nuevamente comenz\u00f3 la traves\u00eda hacia La Isla ida y vuelta a la luz de la luna y un lindo clima. Como siempre, en la previa hubo una charla t\u00e9cnica a cargo de la profesora Brenda Medina para luego hacer la embarcaci\u00f3n con la seguridad del chaleco.<\/p>\n<p>&nbsp;<\/p>\n<p>Las familias estuvieron acompa\u00f1adas siempre por entrenadores y deportistas avanzados para mayor seguridad y soltura.<\/p>\n<p>&nbsp;<\/p>\n<p>Se prev\u00e9 que la pr\u00f3xima edici\u00f3n de esta actividad veraniega sea el pr\u00f3ximo fin de semana, aunque resta confirmarlo a la brevedad.<\/p>\n","protected":false},"excerpt":{"rendered":"<p>Con la tercera edici\u00f3n del a\u00f1o de las remadas nocturnas organizadas por la secci\u00f3n de canotaje de Estudiantes, este s\u00e1bado<\/p>\n","protected":false},"author":96739694,"featured_media":152584,"comment_status":"closed","ping_status":"closed","sticky":false,"template":"","format":"standard","meta":{"_jetpack_memberships_contains_paid_content":false,"footnotes":""},"categories":[30,1],"tags":[],"class_list":["post-138996","post","type-post","status-publish","format-standard","has-post-thumbnail","hentry","category-polideportivo","category-portada"],"jetpack_featured_media_url":"https:\/\/i0.wp.com\/cdnoticias.com\/wp-content\/uploads\/2023\/01\/DSC_0641-scaled.jpg?fit=2560%2C1696&ssl=1","jetpack_sharing_enabled":true,"_links":{"self":[{"href":"https:\/\/cdnoticias.com\/index.php\/wp-json\/wp\/v2\/posts\/138996","targetHints":{"allow":["GET"]}}],"collection":[{"href":"https:\/\/cdnoticias.com\/index.php\/wp-json\/wp\/v2\/posts"}],"about":[{"href":"https:\/\/cdnoticias.com\/index.php\/wp-json\/wp\/v2\/types\/post"}],"author":[{"embeddable":true,"href":"https:\/\/cdnoticias.com\/index.php\/wp-json\/wp\/v2\/users\/96739694"}],"replies":[{"embeddable":true,"href":"https:\/\/cdnoticias.com\/index.php\/wp-json\/wp\/v2\/comments?post=138996"}],"version-history":[{"count":0,"href":"https:\/\/cdnoticias.com\/index.php\/wp-json\/wp\/v2\/posts\/138996\/revisions"}],"wp:featuredmedia":[{"embeddable":true,"href":"https:\/\/cdnoticias.com\/index.php\/wp-json\/wp\/v2\/media\/152584"}],"wp:attachment":[{"href":"https:\/\/cdnoticias.com\/index.php\/wp-json\/wp\/v2\/media?parent=138996"}],"wp:term":[{"taxonomy":"category","embeddable":true,"href":"https:\/\/cdnoticias.com\/index.php\/wp-json\/wp\/v2\/categories?post=138996"},{"taxonomy":"post_tag","embeddable":true,"href":"https:\/\/cdnoticias.com\/index.php\/wp-json\/wp\/v2\/tags?post=138996"}],"curies":[{"name":"wp","href":"https:\/\/api.w.org\/{rel}","templated":true}]}}