{"id":138993,"date":"2023-01-28T18:05:03","date_gmt":"2023-01-28T21:05:03","guid":{"rendered":"http:\/\/centraldeportes.com.ar\/?p=29767"},"modified":"2025-02-10T21:51:05","modified_gmt":"2025-02-11T00:51:05","slug":"loma-negra-trabaja-en-sus-dos-canchas","status":"publish","type":"post","link":"https:\/\/cdnoticias.com\/index.php\/2023\/01\/28\/loma-negra-trabaja-en-sus-dos-canchas\/","title":{"rendered":"Loma Negra trabaja en sus dos canchas"},"content":{"rendered":"<p>Poco falta para la reanudaci\u00f3n de los entrenamientos del Club Loma Negra y para dejar las canchas en \u00f3ptimas condiciones, la Subcomisi\u00f3n de F\u00fatbol trabaja en sus dos canchas.<!--more--><\/p>\n<hr \/>\n<p>Desde el comienzo del a\u00f1o, la nueva Subcomisi\u00f3n de F\u00fatbol puso manos a la obra para cumplir distintas etapas de mejoramiento de las canchas principal y auxiliar.<\/p>\n<p>&nbsp;<\/p>\n<p>Se apunta a que el piso del campo de juego central vuelva a mostrar la imagen que fue hist\u00f3ricamente elogiada por propios y ajenos y para ello, una empresa especializada dio los primeros pasos del proceso de control y eliminaci\u00f3n de malezas, aireaci\u00f3n, cortes parciales, suma de nutrientes y nivelado, as\u00ed como favorecer la permeabilidad y ventilaci\u00f3n del suelo.<\/p>\n<p>&nbsp;<\/p>\n<p>Si bien se sabe que llevar\u00e1 un tiempo poner todos los espacios en las condiciones deseadas, algo similar -m\u00e1s riego y mejoras en la iluminaci\u00f3n- se har\u00e1 con la cancha auxiliar y los espacios verdes aleda\u00f1os donde est\u00e1 previsto la construcci\u00f3n de otros lugares de uso frecuente en los entrenamientos diarios para dar descanso al escenario principal.<\/p>\n","protected":false},"excerpt":{"rendered":"<p>Poco falta para la reanudaci\u00f3n de los entrenamientos del Club Loma Negra y para dejar las canchas en \u00f3ptimas condiciones,<\/p>\n","protected":false},"author":96739694,"featured_media":152596,"comment_status":"closed","ping_status":"closed","sticky":false,"template":"","format":"standard","meta":{"_jetpack_memberships_contains_paid_content":false,"footnotes":""},"categories":[35,1],"tags":[],"class_list":["post-138993","post","type-post","status-publish","format-standard","has-post-thumbnail","hentry","category-futbol","category-portada"],"jetpack_featured_media_url":"https:\/\/i0.wp.com\/cdnoticias.com\/wp-content\/uploads\/2023\/01\/WhatsApp-Image-2023-01-27-at-17.40.28.jpeg?fit=904%2C551&ssl=1","jetpack_sharing_enabled":true,"_links":{"self":[{"href":"https:\/\/cdnoticias.com\/index.php\/wp-json\/wp\/v2\/posts\/138993","targetHints":{"allow":["GET"]}}],"collection":[{"href":"https:\/\/cdnoticias.com\/index.php\/wp-json\/wp\/v2\/posts"}],"about":[{"href":"https:\/\/cdnoticias.com\/index.php\/wp-json\/wp\/v2\/types\/post"}],"author":[{"embeddable":true,"href":"https:\/\/cdnoticias.com\/index.php\/wp-json\/wp\/v2\/users\/96739694"}],"replies":[{"embeddable":true,"href":"https:\/\/cdnoticias.com\/index.php\/wp-json\/wp\/v2\/comments?post=138993"}],"version-history":[{"count":0,"href":"https:\/\/cdnoticias.com\/index.php\/wp-json\/wp\/v2\/posts\/138993\/revisions"}],"wp:featuredmedia":[{"embeddable":true,"href":"https:\/\/cdnoticias.com\/index.php\/wp-json\/wp\/v2\/media\/152596"}],"wp:attachment":[{"href":"https:\/\/cdnoticias.com\/index.php\/wp-json\/wp\/v2\/media?parent=138993"}],"wp:term":[{"taxonomy":"category","embeddable":true,"href":"https:\/\/cdnoticias.com\/index.php\/wp-json\/wp\/v2\/categories?post=138993"},{"taxonomy":"post_tag","embeddable":true,"href":"https:\/\/cdnoticias.com\/index.php\/wp-json\/wp\/v2\/tags?post=138993"}],"curies":[{"name":"wp","href":"https:\/\/api.w.org\/{rel}","templated":true}]}}