{"id":138989,"date":"2023-01-27T18:34:54","date_gmt":"2023-01-27T21:34:54","guid":{"rendered":"http:\/\/centraldeportes.com.ar\/?p=29732"},"modified":"2025-02-10T21:51:17","modified_gmt":"2025-02-11T00:51:17","slug":"agustin-herrera-vuelve-al-tc-pista-tras-12-anos","status":"publish","type":"post","link":"https:\/\/cdnoticias.com\/index.php\/2023\/01\/27\/agustin-herrera-vuelve-al-tc-pista-tras-12-anos\/","title":{"rendered":"Agust\u00edn Herrera vuelve al TC Pista tras 12 a\u00f1os"},"content":{"rendered":"<p>Su \u00faltima presentaci\u00f3n fue en diciembre de 2011, en el \u201cOscar y Juan Galvez\u201d de Capital Federal. Aquel a\u00f1o corri\u00f3 con una Dodge, y este 2023 regresar\u00e1 con un Ford, del equipo de Jos\u00e9 Savino.<!--more--><\/p>\n<hr \/>\n<p>Agust\u00edn Herrera regresa al automovilismo grande, lo hizo en 2022 luego de un importante impasse, en el Turismo Pista pero ya ten\u00eda claro que el TC Pista era el objetivo 2023.<\/p>\n<p>&nbsp;<\/p>\n<p>Finalmente, y de la mano del Savino Sport se producir\u00e1 el regreso tras 12 a\u00f1os de su \u00faltima carrera en la categor\u00eda. Aquellos a\u00f1os, el olavarriense ven\u00eda dando todos los pasos en la escala de la ACTC, campe\u00f3n TC Pista Mouras 2009, el 2010 corri\u00f3 las carreras necesarias para lograr el pase al TC Pista, y en 2011 desembarc\u00f3 en la categor\u00eda telonera de la \u201cm\u00e1xima\u201d.<\/p>\n<p>&nbsp;<\/p>\n<p>Un sexto puesto en Paran\u00e1 fue el mejor resultado de aquel a\u00f1o que termin\u00f3 32\u00ba en el campeonato, luego el presupuesto econ\u00f3mico le impidi\u00f3 continuar. Un paso exitoso por el Turismo Nacional, en donde se luci\u00f3 y perdi\u00f3 por muy poco el campeonato con Mat\u00edas Machuca en 2013, y luego varias categor\u00edas como el TC2000 y Turismo Pista.<\/p>\n<p>&nbsp;<\/p>\n<p>Este 2023 lo tiene abocado a su regreso al TC Pista, y en los pr\u00f3ximos d\u00edas estar\u00e1 junto al equipo probando en Olavarr\u00eda, antes del debut en Viedma el 10, 11 y 12 de febrero.<\/p>\n","protected":false},"excerpt":{"rendered":"<p>Su \u00faltima presentaci\u00f3n fue en diciembre de 2011, en el \u201cOscar y Juan Galvez\u201d de Capital Federal. Aquel a\u00f1o corri\u00f3<\/p>\n","protected":false},"author":96739694,"featured_media":152616,"comment_status":"closed","ping_status":"closed","sticky":false,"template":"","format":"standard","meta":{"_jetpack_memberships_contains_paid_content":false,"footnotes":""},"categories":[34,1,48],"tags":[],"class_list":["post-138989","post","type-post","status-publish","format-standard","has-post-thumbnail","hentry","category-automovilismo","category-portada","category-tc-pista"],"jetpack_featured_media_url":"https:\/\/i0.wp.com\/cdnoticias.com\/wp-content\/uploads\/2023\/01\/WhatsApp-Image-2023-01-27-at-09.31.10.jpeg?fit=1200%2C675&ssl=1","jetpack_sharing_enabled":true,"_links":{"self":[{"href":"https:\/\/cdnoticias.com\/index.php\/wp-json\/wp\/v2\/posts\/138989","targetHints":{"allow":["GET"]}}],"collection":[{"href":"https:\/\/cdnoticias.com\/index.php\/wp-json\/wp\/v2\/posts"}],"about":[{"href":"https:\/\/cdnoticias.com\/index.php\/wp-json\/wp\/v2\/types\/post"}],"author":[{"embeddable":true,"href":"https:\/\/cdnoticias.com\/index.php\/wp-json\/wp\/v2\/users\/96739694"}],"replies":[{"embeddable":true,"href":"https:\/\/cdnoticias.com\/index.php\/wp-json\/wp\/v2\/comments?post=138989"}],"version-history":[{"count":0,"href":"https:\/\/cdnoticias.com\/index.php\/wp-json\/wp\/v2\/posts\/138989\/revisions"}],"wp:featuredmedia":[{"embeddable":true,"href":"https:\/\/cdnoticias.com\/index.php\/wp-json\/wp\/v2\/media\/152616"}],"wp:attachment":[{"href":"https:\/\/cdnoticias.com\/index.php\/wp-json\/wp\/v2\/media?parent=138989"}],"wp:term":[{"taxonomy":"category","embeddable":true,"href":"https:\/\/cdnoticias.com\/index.php\/wp-json\/wp\/v2\/categories?post=138989"},{"taxonomy":"post_tag","embeddable":true,"href":"https:\/\/cdnoticias.com\/index.php\/wp-json\/wp\/v2\/tags?post=138989"}],"curies":[{"name":"wp","href":"https:\/\/api.w.org\/{rel}","templated":true}]}}