{"id":138977,"date":"2023-01-26T00:25:57","date_gmt":"2023-01-26T03:25:57","guid":{"rendered":"http:\/\/centraldeportes.com.ar\/?p=29678"},"modified":"2025-02-10T21:50:14","modified_gmt":"2025-02-11T00:50:14","slug":"torneo-de-verano-abo-festejaron-el-fortin-y-ferro","status":"publish","type":"post","link":"https:\/\/cdnoticias.com\/index.php\/2023\/01\/26\/torneo-de-verano-abo-festejaron-el-fortin-y-ferro\/","title":{"rendered":"Torneo de Verano ABO: festejaron El Fort\u00edn y Ferro"},"content":{"rendered":"<p>En la noche del mi\u00e9rcoles se disput\u00f3 la segunda fecha del Torneo de Verano organizado por la Asociaci\u00f3n de B\u00e1squet de Olavarr\u00eda con duelos de la Zona B (por tener un equipo m\u00e1s) y una victoria local y otra visitante.<\/p>\n<p><!--more--><\/p>\n<hr \/>\n<p>La segunda fecha del certamen preparaci\u00f3n registr\u00f3 el debut con victoria de Ferro y la primera conquista de El Fort\u00edn.<\/p>\n<p>&nbsp;<\/p>\n<p>En el Amadeo Bellingeri, El Fort\u00edn venci\u00f3 87 a 65 a Loma Negra y sum\u00f3 su primer festejo del a\u00f1o en un duelo que inici\u00f3 con un dominador y termin\u00f3 con otro porque fue paciente, encontr\u00f3 gol en manos diferentes en momentos importantes y porque cont\u00f3 con Tom\u00e1s Ciuffetelli como m\u00e1ximo anotador.<\/p>\n<p>&nbsp;<\/p>\n<p>La perseverancia de I\u00f1aki Paladino y las buenas asociaciones entre los dos bases \u201cCelestes\u201d no lograron sostenerse a lo largo de todo el partido y por eso los \u201cFortineros\u201d lograron revertir el resultado a pesar de haberse encontrado una docena de puntos abajo.<\/p>\n<p>&nbsp;<\/p>\n<p>Un gran segundo parcial para los guiados por Diego Lancione y buena cantidad de goles en el segundo tiempo, terminaron de asegurar el primer festejo en el Torneo de Verano tras el traspi\u00e9 en el debut.<\/p>\n<p>&nbsp;<\/p>\n<p>[soliloquy id=&#8221;29671&#8243;]<\/p>\n<p>&nbsp;<\/p>\n<p>Por otro lado, en Azul, Chacarita y Ferro definieron el duelo en suplementario tras igualar en 76. Fue victoria &#8220;Carbonera&#8221; por 91 a 89.<\/p>\n<p>&nbsp;<\/p>\n<p>El jugador destacado en la vecina localidad de Mat\u00edas Menon para el conjunto local y ante la ausencia del goleador hist\u00f3rico del equipo olavarriense, se transform\u00f3 en el que m\u00e1s puntos anot\u00f3 en la noche del mi\u00e9rcoles.<\/p>\n<p>&nbsp;<\/p>\n<p>S\u00edntesis El Fort\u00edn \u2013 Loma Negra:<br \/>\nEstadio: Amadeo Bellingeri<br \/>\n\u00c1rbitros: Dom\u00ednguez, M. y Sosa, J.<br \/>\n<strong>El Fort\u00edn (87): Ciuffetelli (30), Negretti (10), Navarro (8), Funes (0), Ferreyra (6) -FI- Santill\u00e1n (6), Troia (0), Galli (3), Wagner (9), Sim\u00f3n (17), Vistalli (0). DT- Diego Lancione<\/strong><br \/>\n<strong>Loma Negra (65): G\u00f3mez (15), S\u00e1nchez, M. (2), Pinini (8), Mac\u00edas (8), Paladino (13) -FI- Negrete (8), Conte (2), Nanni (6), Rocha (2), S\u00e1nchez, C. (1). DT- Cristian S\u00e1nchez<\/strong><br \/>\nParciales: 15 \u2013 19: 42 \u2013 32; 62 \u2013 54 y 87 \u2013 65.<\/p>\n","protected":false},"excerpt":{"rendered":"<p>En la noche del mi\u00e9rcoles se disput\u00f3 la segunda fecha del Torneo de Verano organizado por la Asociaci\u00f3n de B\u00e1squet<\/p>\n","protected":false},"author":96739694,"featured_media":152552,"comment_status":"closed","ping_status":"closed","sticky":false,"template":"","format":"standard","meta":{"_jetpack_memberships_contains_paid_content":false,"footnotes":""},"categories":[31,1,43],"tags":[],"class_list":["post-138977","post","type-post","status-publish","format-standard","has-post-thumbnail","hentry","category-basquet","category-portada","category-primera"],"jetpack_featured_media_url":"https:\/\/i0.wp.com\/cdnoticias.com\/wp-content\/uploads\/2023\/01\/fortin-ln-4.jpeg?fit=1500%2C1000&ssl=1","jetpack_sharing_enabled":true,"_links":{"self":[{"href":"https:\/\/cdnoticias.com\/index.php\/wp-json\/wp\/v2\/posts\/138977","targetHints":{"allow":["GET"]}}],"collection":[{"href":"https:\/\/cdnoticias.com\/index.php\/wp-json\/wp\/v2\/posts"}],"about":[{"href":"https:\/\/cdnoticias.com\/index.php\/wp-json\/wp\/v2\/types\/post"}],"author":[{"embeddable":true,"href":"https:\/\/cdnoticias.com\/index.php\/wp-json\/wp\/v2\/users\/96739694"}],"replies":[{"embeddable":true,"href":"https:\/\/cdnoticias.com\/index.php\/wp-json\/wp\/v2\/comments?post=138977"}],"version-history":[{"count":0,"href":"https:\/\/cdnoticias.com\/index.php\/wp-json\/wp\/v2\/posts\/138977\/revisions"}],"wp:featuredmedia":[{"embeddable":true,"href":"https:\/\/cdnoticias.com\/index.php\/wp-json\/wp\/v2\/media\/152552"}],"wp:attachment":[{"href":"https:\/\/cdnoticias.com\/index.php\/wp-json\/wp\/v2\/media?parent=138977"}],"wp:term":[{"taxonomy":"category","embeddable":true,"href":"https:\/\/cdnoticias.com\/index.php\/wp-json\/wp\/v2\/categories?post=138977"},{"taxonomy":"post_tag","embeddable":true,"href":"https:\/\/cdnoticias.com\/index.php\/wp-json\/wp\/v2\/tags?post=138977"}],"curies":[{"name":"wp","href":"https:\/\/api.w.org\/{rel}","templated":true}]}}