{"id":138976,"date":"2023-01-25T23:36:45","date_gmt":"2023-01-26T02:36:45","guid":{"rendered":"http:\/\/centraldeportes.com.ar\/?p=29668"},"modified":"2025-02-10T21:50:18","modified_gmt":"2025-02-11T00:50:18","slug":"otra-buena-actuacion-de-nehuen-erripa-en-la-region-cuyana","status":"publish","type":"post","link":"https:\/\/cdnoticias.com\/index.php\/2023\/01\/25\/otra-buena-actuacion-de-nehuen-erripa-en-la-region-cuyana\/","title":{"rendered":"Otra buena actuaci\u00f3n de Nehu\u00e9n Erripa en la regi\u00f3n cuyana"},"content":{"rendered":"<p>El pasado domingo, Nehu\u00e9n Erripa compiti\u00f3 en San Luis y logr\u00f3 el subcampeonato en su categor\u00eda en la 6\u00b0 \u201cVuelta del Ma\u00edz en Naschel\u201d.<\/p>\n<p><!--more--><\/p>\n<hr \/>\n<p>En San Luis, se realiz\u00f3 la competencia con cientos de ciclistas que debieron completar 100 kil\u00f3metros en ruta y que consagr\u00f3 a Lucas Gaday del equipo Rower San Luis.<\/p>\n<p>&nbsp;<\/p>\n<p>Adem\u00e1s, en la categor\u00eda \u00e9lite, el olavarriense finaliz\u00f3 6\u00b0, pero en Sub23 logr\u00f3 ser segundo, detr\u00e1s de su compa\u00f1ero de equipo, Enzo Tallarico.<\/p>\n<p>&nbsp;<\/p>\n<p>La carrera estuvo organizada por la Pe\u00f1a Ciclista de Naschel y los buenos resultados de los representantes del equipo Centro de Desarrollo Ciclista Bonaerense permitieron la clasificaci\u00f3n del olavarriense y sus compa\u00f1eros al Tour del Porvenir a desarrollarse del 1\u00b0 de febrero al 5\u00b0 de febrero.<\/p>\n","protected":false},"excerpt":{"rendered":"<p>El pasado domingo, Nehu\u00e9n Erripa compiti\u00f3 en San Luis y logr\u00f3 el subcampeonato en su categor\u00eda en la 6\u00b0 \u201cVuelta<\/p>\n","protected":false},"author":96739694,"featured_media":152560,"comment_status":"closed","ping_status":"closed","sticky":false,"template":"","format":"standard","meta":{"_jetpack_memberships_contains_paid_content":false,"footnotes":""},"categories":[30,1],"tags":[],"class_list":["post-138976","post","type-post","status-publish","format-standard","has-post-thumbnail","hentry","category-polideportivo","category-portada"],"jetpack_featured_media_url":"https:\/\/i0.wp.com\/cdnoticias.com\/wp-content\/uploads\/2023\/01\/nehuen-erripa.png?fit=800%2C445&ssl=1","jetpack_sharing_enabled":true,"_links":{"self":[{"href":"https:\/\/cdnoticias.com\/index.php\/wp-json\/wp\/v2\/posts\/138976","targetHints":{"allow":["GET"]}}],"collection":[{"href":"https:\/\/cdnoticias.com\/index.php\/wp-json\/wp\/v2\/posts"}],"about":[{"href":"https:\/\/cdnoticias.com\/index.php\/wp-json\/wp\/v2\/types\/post"}],"author":[{"embeddable":true,"href":"https:\/\/cdnoticias.com\/index.php\/wp-json\/wp\/v2\/users\/96739694"}],"replies":[{"embeddable":true,"href":"https:\/\/cdnoticias.com\/index.php\/wp-json\/wp\/v2\/comments?post=138976"}],"version-history":[{"count":0,"href":"https:\/\/cdnoticias.com\/index.php\/wp-json\/wp\/v2\/posts\/138976\/revisions"}],"wp:featuredmedia":[{"embeddable":true,"href":"https:\/\/cdnoticias.com\/index.php\/wp-json\/wp\/v2\/media\/152560"}],"wp:attachment":[{"href":"https:\/\/cdnoticias.com\/index.php\/wp-json\/wp\/v2\/media?parent=138976"}],"wp:term":[{"taxonomy":"category","embeddable":true,"href":"https:\/\/cdnoticias.com\/index.php\/wp-json\/wp\/v2\/categories?post=138976"},{"taxonomy":"post_tag","embeddable":true,"href":"https:\/\/cdnoticias.com\/index.php\/wp-json\/wp\/v2\/tags?post=138976"}],"curies":[{"name":"wp","href":"https:\/\/api.w.org\/{rel}","templated":true}]}}