{"id":138974,"date":"2023-01-25T19:59:28","date_gmt":"2023-01-25T22:59:28","guid":{"rendered":"http:\/\/centraldeportes.com.ar\/?p=29659"},"modified":"2025-02-10T21:50:21","modified_gmt":"2025-02-11T00:50:21","slug":"se-realizaron-los-encuentros-de-natacion-en-la-maxima","status":"publish","type":"post","link":"https:\/\/cdnoticias.com\/index.php\/2023\/01\/25\/se-realizaron-los-encuentros-de-natacion-en-la-maxima\/","title":{"rendered":"Se realizaron los encuentros de nataci\u00f3n en La M\u00e1xima"},"content":{"rendered":"<p>Aprovechando la temporada estival, la Subsecretar\u00eda de Deporte y Recreaci\u00f3n de la Municipalidad de Olavarr\u00eda organiz\u00f3 diferentes encuentros de nataci\u00f3n y cientos de ni\u00f1os, ni\u00f1as y adolescentes compitieron en La M\u00e1xima.<!--more--><\/p>\n<hr \/>\n<p>Durante la ma\u00f1ana de los s\u00e1bados 14 y 21 de enero el Pilet\u00f3n de La M\u00e1xima fue sede de dos masivos eventos de nataci\u00f3n que contaron con la presencia de representantes de numerosas instituciones.<\/p>\n<p>&nbsp;<\/p>\n<p>Chicos y chicas de todas las edades participaron de distintas pruebas que fueron organizadas por el staff de docentes de la Direcci\u00f3n de Deportes. Adem\u00e1s hubo un buen marco de p\u00fablico.<\/p>\n","protected":false},"excerpt":{"rendered":"<p>Aprovechando la temporada estival, la Subsecretar\u00eda de Deporte y Recreaci\u00f3n de la Municipalidad de Olavarr\u00eda organiz\u00f3 diferentes encuentros de nataci\u00f3n<\/p>\n","protected":false},"author":96739694,"featured_media":152566,"comment_status":"closed","ping_status":"closed","sticky":false,"template":"","format":"standard","meta":{"_jetpack_memberships_contains_paid_content":false,"footnotes":""},"categories":[30,1],"tags":[],"class_list":["post-138974","post","type-post","status-publish","format-standard","has-post-thumbnail","hentry","category-polideportivo","category-portada"],"jetpack_featured_media_url":"https:\/\/i0.wp.com\/cdnoticias.com\/wp-content\/uploads\/2023\/01\/325667448_1216403375895756_5636739097023784709_n.jpg?fit=1080%2C810&ssl=1","jetpack_sharing_enabled":true,"_links":{"self":[{"href":"https:\/\/cdnoticias.com\/index.php\/wp-json\/wp\/v2\/posts\/138974","targetHints":{"allow":["GET"]}}],"collection":[{"href":"https:\/\/cdnoticias.com\/index.php\/wp-json\/wp\/v2\/posts"}],"about":[{"href":"https:\/\/cdnoticias.com\/index.php\/wp-json\/wp\/v2\/types\/post"}],"author":[{"embeddable":true,"href":"https:\/\/cdnoticias.com\/index.php\/wp-json\/wp\/v2\/users\/96739694"}],"replies":[{"embeddable":true,"href":"https:\/\/cdnoticias.com\/index.php\/wp-json\/wp\/v2\/comments?post=138974"}],"version-history":[{"count":0,"href":"https:\/\/cdnoticias.com\/index.php\/wp-json\/wp\/v2\/posts\/138974\/revisions"}],"wp:featuredmedia":[{"embeddable":true,"href":"https:\/\/cdnoticias.com\/index.php\/wp-json\/wp\/v2\/media\/152566"}],"wp:attachment":[{"href":"https:\/\/cdnoticias.com\/index.php\/wp-json\/wp\/v2\/media?parent=138974"}],"wp:term":[{"taxonomy":"category","embeddable":true,"href":"https:\/\/cdnoticias.com\/index.php\/wp-json\/wp\/v2\/categories?post=138974"},{"taxonomy":"post_tag","embeddable":true,"href":"https:\/\/cdnoticias.com\/index.php\/wp-json\/wp\/v2\/tags?post=138974"}],"curies":[{"name":"wp","href":"https:\/\/api.w.org\/{rel}","templated":true}]}}