{"id":138973,"date":"2023-01-25T19:34:27","date_gmt":"2023-01-25T22:34:27","guid":{"rendered":"http:\/\/centraldeportes.com.ar\/?p=29656"},"modified":"2025-02-10T21:50:23","modified_gmt":"2025-02-11T00:50:23","slug":"podios-para-varios-representantes-de-olavarria-en-tapalque","status":"publish","type":"post","link":"https:\/\/cdnoticias.com\/index.php\/2023\/01\/25\/podios-para-varios-representantes-de-olavarria-en-tapalque\/","title":{"rendered":"Podios para varios representantes de Olavarr\u00eda en Tapalqu\u00e9"},"content":{"rendered":"<p>El pasado domingo hubo festival de ciclismo en Tapalqu\u00e9 organizado por \u00a0el Club Ciclista Tapalqu\u00e9 y la fiscalizaci\u00f3n de la\u00a0 Federaci\u00f3n Olavarr\u00eda Centro y entre los olavarrienses presentes hubo actuaciones destacadas.<!--more--><\/p>\n<hr \/>\n<p>Hubo podios en la categor\u00eda principal para Cristian Rold\u00e1n que fue segundo y Facundo Dumerauf que fue tercero. Jonathan Magno de Tapalqu\u00e9 fue el ganador.<\/p>\n<p>&nbsp;<\/p>\n<p>Adem\u00e1s se subieron al podio, Juan Avenda\u00f1o en Mayores de 40, Francisco Posse en M\u00e1ster B, Ludmila Posse en Damas, Rafael Erripa y Walter Benito en M\u00e1ster D.<\/p>\n<p>&nbsp;<\/p>\n<p>Los resultados:<\/p>\n<p>&nbsp;<\/p>\n<p>Mayores de 40<\/p>\n<p>1\u00b0) Francisco Osen \u2013 Saladillo<\/p>\n<p>2\u00b0) Silvio Carricante \u2013 Tapalqu\u00e9<\/p>\n<p>3\u00b0) Juan Avenda\u00f1o \u2013 Olavarr\u00eda<\/p>\n<p>4\u00b0) Alejandro Rodr\u00edguez \u2013 Lober\u00eda<\/p>\n<p>&nbsp;<\/p>\n<p>Menores de 40<\/p>\n<p>1\u00b0) Ivan \u00c1lvarez \u2013 Azul<\/p>\n<p>2\u00b0) El\u00edas P\u00e9rez \u2013 Azul<\/p>\n<p>3\u00b0) Lucas Rojas \u2013 Tapalqu\u00e9<\/p>\n<p>4\u00b0) Cristi\u00e1n Ortiz \u2013 Olavarr\u00eda<\/p>\n<p>5\u00b0) Leopoldo Hern\u00e1ndez \u2013 Tapalqu\u00e9<\/p>\n<p>&nbsp;<\/p>\n<p>Damas<\/p>\n<p>1\u00b0) Tania Ponce de Le\u00f3n \u2013 Tapalqu\u00e9<\/p>\n<p>2\u00b0) Lucrecia Hern\u00e1ndez \u2013 Olavarr\u00eda<\/p>\n<p>3\u00b0) Ludmila Posse \u2013 Olavarr\u00eda<\/p>\n<p>4\u00b0) Selva Pagano \u2013 Rauch<\/p>\n<p>5\u00b0) Luj\u00e1n Barra \u2013 Tapalqu\u00e9<\/p>\n<p>&nbsp;<\/p>\n<p>M\u00e1ster B<\/p>\n<p>1\u00b0) Francisco Posse \u2013 Olavarr\u00eda<\/p>\n<p>2\u00b0) Gustavo Ruiz \u2013 Saladillo<\/p>\n<p>3\u00b0) Miguel D\u00edaz \u2013 Alvear<\/p>\n<p>4\u00b0) Miguel Bidondo \u2013 25 de Mayo<\/p>\n<p>5\u00b0) Jorge ilundain \u2013 25 de Mayo<\/p>\n<p>&nbsp;<\/p>\n<p>M\u00e1ster C<\/p>\n<p>1\u00b0) Sergio Campioni \u2013 C. Casares<\/p>\n<p>2\u00b0) Rafael Erripa \u2013 Olavarr\u00eda<\/p>\n<p>3\u00b0) Carlos Piazza \u2013 Azul<\/p>\n<p>4\u00b0) Alberto Iraldi \u2013 C. Casares<\/p>\n<p>5\u00b0) Walter Benito \u2013 Olavarr\u00eda<\/p>\n<p>&nbsp;<\/p>\n<p>M\u00e1ster B<\/p>\n<p>1\u00b0) Mart\u00edn Rivarola \u2013 Las Flores<\/p>\n<p>2\u00b0) Fabi\u00e1n Contreras \u2013 Ayacucho<\/p>\n<p>3\u00b0) Pablo Contreras \u2013 Ayacucho<\/p>\n<p>\u00c9lite I \/ II \/ Sub 23 \/ M\u00e1ster A \/ Juniors<\/p>\n<p>1\u00b0) Jonathan Magno \u2013 Tapalqu\u00e9<\/p>\n<p>2\u00b0) Cristi\u00e1n Rold\u00e1n \u2013 Olavarr\u00eda<\/p>\n<p>3\u00b0) Facundo Dumerauf \u2013 Olavarr\u00eda<\/p>\n<p>4\u00b0) Uriel Tolosa \u2013 Saladillo<\/p>\n<p>5\u00b0) Nicol\u00e1s Olalde \u2013 Olavarr\u00eda<\/p>\n<p>6\u00b0) Federico Brun \u2013 Olavarr\u00eda<\/p>\n<p>7\u00b0) Jonathan Moyano \u2013 M. Plata<\/p>\n<p>8\u00b0) Dami\u00e1n Astobiza \u2013 Bol\u00edvar<\/p>\n<p>9\u00b0) Guido Santa Cruz \u2013 Olavarr\u00eda<\/p>\n","protected":false},"excerpt":{"rendered":"<p>El pasado domingo hubo festival de ciclismo en Tapalqu\u00e9 organizado por \u00a0el Club Ciclista Tapalqu\u00e9 y la fiscalizaci\u00f3n de la\u00a0<\/p>\n","protected":false},"author":96739694,"featured_media":152570,"comment_status":"closed","ping_status":"closed","sticky":false,"template":"","format":"standard","meta":{"_jetpack_memberships_contains_paid_content":false,"footnotes":""},"categories":[30,1],"tags":[],"class_list":["post-138973","post","type-post","status-publish","format-standard","has-post-thumbnail","hentry","category-polideportivo","category-portada"],"jetpack_featured_media_url":"https:\/\/i0.wp.com\/cdnoticias.com\/wp-content\/uploads\/2023\/01\/333-e1674686058846.jpg?fit=753%2C439&ssl=1","jetpack_sharing_enabled":true,"_links":{"self":[{"href":"https:\/\/cdnoticias.com\/index.php\/wp-json\/wp\/v2\/posts\/138973","targetHints":{"allow":["GET"]}}],"collection":[{"href":"https:\/\/cdnoticias.com\/index.php\/wp-json\/wp\/v2\/posts"}],"about":[{"href":"https:\/\/cdnoticias.com\/index.php\/wp-json\/wp\/v2\/types\/post"}],"author":[{"embeddable":true,"href":"https:\/\/cdnoticias.com\/index.php\/wp-json\/wp\/v2\/users\/96739694"}],"replies":[{"embeddable":true,"href":"https:\/\/cdnoticias.com\/index.php\/wp-json\/wp\/v2\/comments?post=138973"}],"version-history":[{"count":0,"href":"https:\/\/cdnoticias.com\/index.php\/wp-json\/wp\/v2\/posts\/138973\/revisions"}],"wp:featuredmedia":[{"embeddable":true,"href":"https:\/\/cdnoticias.com\/index.php\/wp-json\/wp\/v2\/media\/152570"}],"wp:attachment":[{"href":"https:\/\/cdnoticias.com\/index.php\/wp-json\/wp\/v2\/media?parent=138973"}],"wp:term":[{"taxonomy":"category","embeddable":true,"href":"https:\/\/cdnoticias.com\/index.php\/wp-json\/wp\/v2\/categories?post=138973"},{"taxonomy":"post_tag","embeddable":true,"href":"https:\/\/cdnoticias.com\/index.php\/wp-json\/wp\/v2\/tags?post=138973"}],"curies":[{"name":"wp","href":"https:\/\/api.w.org\/{rel}","templated":true}]}}