{"id":138972,"date":"2023-01-25T16:51:29","date_gmt":"2023-01-25T19:51:29","guid":{"rendered":"http:\/\/centraldeportes.com.ar\/?p=29652"},"modified":"2025-02-10T21:50:24","modified_gmt":"2025-02-11T00:50:24","slug":"hubo-podios-y-muchos-locales-en-el-paraiso","status":"publish","type":"post","link":"https:\/\/cdnoticias.com\/index.php\/2023\/01\/25\/hubo-podios-y-muchos-locales-en-el-paraiso\/","title":{"rendered":"Hubo podios y muchos locales en El Para\u00edso"},"content":{"rendered":"<p>El pasado domingo se llev\u00f3 a cabo 15\u00b0 edici\u00f3n del \u201cTriatl\u00f3n El Para\u00edso\u201d y entre los cien representantes hubo olavarrienses y festejos locales.<!--more--><\/p>\n<hr \/>\n<p>Ulises Garc\u00eda Diez y Florencia Ju\u00e1rez fueron los ganadores de la prueba principal sobre cinco kil\u00f3metros disputados en el parque recreativo.<\/p>\n<p>&nbsp;<\/p>\n<p><img data-recalc-dims=\"1\" loading=\"lazy\" decoding=\"async\" class=\"aligncenter size-full wp-image-29653\" src=\"https:\/\/i0.wp.com\/centraldeportes.com.ar\/wp-content\/uploads\/2023\/01\/102-7-777x437.jpg?resize=777%2C437\" alt=\"\" width=\"777\" height=\"437\" \/><\/p>\n<p>&nbsp;<\/p>\n<p>La nataci\u00f3n, dada que la laguna estaba muy baja por la sequ\u00eda reinante, se realiz\u00f3 en el pilet\u00f3n donde en primer t\u00e9rmino largaron los triatletas y luego, los equipos.<\/p>\n<p>&nbsp;<\/p>\n<p>Ulises Garc\u00eda Diez sorprendi\u00f3 apareciendo primero en el complejo para quedarse con la victoria y entre las Damas, la competencia fue muy pareja y a la vez muy disputada, dado que las tres primeras pasaron bajo el arco final en un minuto y medio. La olavarriense Florencia Ju\u00e1rez cant\u00f3 victoria siendo secundada por la santarrose\u00f1a Alina Orellana y por Maira Cardozo de Benito Ju\u00e1rez. La atleta demor\u00f3 1:20:45.<\/p>\n<p>&nbsp;<\/p>\n<p>En el formato por equipos, los ganadores fueron Leonardo Landaburu, Jorge Larraz y Leandro Garc\u00eda representando al team Sportia con un tiempo de 1:13:00.<\/p>\n<p>&nbsp;<\/p>\n<p>Adem\u00e1s, Emilia Vales finaliz\u00f3 cuarta en la general con 1:24:10 y en la onceava clasificaci\u00f3n de los caballeros se ubic\u00f3 Mart\u00edn Las Heras. Tambi\u00e9n completaron el recorrido Iv\u00e1n Recabarren, Alex Bracamonte, Ignacio Arbasetti y Gustavo Corletto.<\/p>\n<p>&nbsp;<\/p>\n<p>&nbsp;<\/p>\n<p>La actividad deportiva del verano lapridense continua en Febrero, el 12, con el Desaf\u00edo Aventura del Para\u00edso.<\/p>\n<p>&nbsp;<\/p>\n<p>&nbsp;<\/p>\n","protected":false},"excerpt":{"rendered":"<p>El pasado domingo se llev\u00f3 a cabo 15\u00b0 edici\u00f3n del \u201cTriatl\u00f3n El Para\u00edso\u201d y entre los cien representantes hubo olavarrienses<\/p>\n","protected":false},"author":96739694,"featured_media":152574,"comment_status":"closed","ping_status":"closed","sticky":false,"template":"","format":"standard","meta":{"_jetpack_memberships_contains_paid_content":false,"footnotes":""},"categories":[38,1],"tags":[],"class_list":["post-138972","post","type-post","status-publish","format-standard","has-post-thumbnail","hentry","category-pedestrismo","category-portada"],"jetpack_featured_media_url":"https:\/\/i0.wp.com\/cdnoticias.com\/wp-content\/uploads\/2023\/01\/110-5.jpg?fit=960%2C540&ssl=1","jetpack_sharing_enabled":true,"_links":{"self":[{"href":"https:\/\/cdnoticias.com\/index.php\/wp-json\/wp\/v2\/posts\/138972","targetHints":{"allow":["GET"]}}],"collection":[{"href":"https:\/\/cdnoticias.com\/index.php\/wp-json\/wp\/v2\/posts"}],"about":[{"href":"https:\/\/cdnoticias.com\/index.php\/wp-json\/wp\/v2\/types\/post"}],"author":[{"embeddable":true,"href":"https:\/\/cdnoticias.com\/index.php\/wp-json\/wp\/v2\/users\/96739694"}],"replies":[{"embeddable":true,"href":"https:\/\/cdnoticias.com\/index.php\/wp-json\/wp\/v2\/comments?post=138972"}],"version-history":[{"count":0,"href":"https:\/\/cdnoticias.com\/index.php\/wp-json\/wp\/v2\/posts\/138972\/revisions"}],"wp:featuredmedia":[{"embeddable":true,"href":"https:\/\/cdnoticias.com\/index.php\/wp-json\/wp\/v2\/media\/152574"}],"wp:attachment":[{"href":"https:\/\/cdnoticias.com\/index.php\/wp-json\/wp\/v2\/media?parent=138972"}],"wp:term":[{"taxonomy":"category","embeddable":true,"href":"https:\/\/cdnoticias.com\/index.php\/wp-json\/wp\/v2\/categories?post=138972"},{"taxonomy":"post_tag","embeddable":true,"href":"https:\/\/cdnoticias.com\/index.php\/wp-json\/wp\/v2\/tags?post=138972"}],"curies":[{"name":"wp","href":"https:\/\/api.w.org\/{rel}","templated":true}]}}