{"id":138965,"date":"2023-01-23T23:19:43","date_gmt":"2023-01-24T02:19:43","guid":{"rendered":"http:\/\/centraldeportes.com.ar\/?p=29607"},"modified":"2025-02-10T21:49:12","modified_gmt":"2025-02-11T00:49:12","slug":"racing-inicio-los-entrenamientos-de-pretemporada","status":"publish","type":"post","link":"https:\/\/cdnoticias.com\/index.php\/2023\/01\/23\/racing-inicio-los-entrenamientos-de-pretemporada\/","title":{"rendered":"Racing inici\u00f3 los entrenamientos de pretemporada"},"content":{"rendered":"<p>Cambiando de p\u00e1gina y pensando en el 2023, el plantel \u201cChaira\u201d comenz\u00f3 este lunes los trabajos de preparaci\u00f3n bajo las \u00f3rdenes de Roberto Tucker.<!--more--><\/p>\n<hr \/>\n<p><strong>Racing<\/strong> dej\u00f3 atr\u00e1s la eliminaci\u00f3n del Regional Amateur y con pocos d\u00edas de descanso, <strong>este lunes por la tarde puso en marcha los entrenamientos de pretemporada<\/strong> ya pensando en el Torneo Interligas que comenzar\u00e1 a fines de febrero.<\/p>\n<p>&nbsp;<\/p>\n<p><strong>La pr\u00e1ctica se llev\u00f3 a cabo en el c\u00e9sped del Buglione Martinese<\/strong> e inici\u00f3 con trabajos f\u00edsicos bajo las \u00f3rdenes del cuerpo t\u00e9cnico encabezado por Roberto Tucker.<\/p>\n<p>&nbsp;<\/p>\n<p>[soliloquy id=&#8221;29609&#8243;]<\/p>\n<p>&nbsp;<\/p>\n<p>Con algunas ausencias, <strong>entrenaron a la par varios titulares que tuvieron rodaje en el pasado Regional en conjunto con el plantel de Reserva<\/strong>.<\/p>\n<p>&nbsp;<\/p>\n<p>El \u201cChaira\u201d, en vistas al certamen de la Uni\u00f3n Deportiva Regional, formar\u00e1 parte de la Zona 1 y competir\u00e1 con Estudiantes, Bancario y Bull Dog de Daireaux, Casariego y El Fort\u00edn de Bol\u00edvar y Atl\u00e9tico Urdampilleta.<\/p>\n","protected":false},"excerpt":{"rendered":"<p>Cambiando de p\u00e1gina y pensando en el 2023, el plantel \u201cChaira\u201d comenz\u00f3 este lunes los trabajos de preparaci\u00f3n bajo las<\/p>\n","protected":false},"author":96739694,"featured_media":152493,"comment_status":"closed","ping_status":"closed","sticky":false,"template":"","format":"standard","meta":{"_jetpack_memberships_contains_paid_content":false,"footnotes":""},"categories":[35,1,41],"tags":[],"class_list":["post-138965","post","type-post","status-publish","format-standard","has-post-thumbnail","hentry","category-futbol","category-portada","category-primera-y-reserva"],"jetpack_featured_media_url":"https:\/\/i0.wp.com\/cdnoticias.com\/wp-content\/uploads\/2023\/01\/pretemporada-racing-5.jpeg?fit=1500%2C1000&ssl=1","jetpack_sharing_enabled":true,"_links":{"self":[{"href":"https:\/\/cdnoticias.com\/index.php\/wp-json\/wp\/v2\/posts\/138965","targetHints":{"allow":["GET"]}}],"collection":[{"href":"https:\/\/cdnoticias.com\/index.php\/wp-json\/wp\/v2\/posts"}],"about":[{"href":"https:\/\/cdnoticias.com\/index.php\/wp-json\/wp\/v2\/types\/post"}],"author":[{"embeddable":true,"href":"https:\/\/cdnoticias.com\/index.php\/wp-json\/wp\/v2\/users\/96739694"}],"replies":[{"embeddable":true,"href":"https:\/\/cdnoticias.com\/index.php\/wp-json\/wp\/v2\/comments?post=138965"}],"version-history":[{"count":0,"href":"https:\/\/cdnoticias.com\/index.php\/wp-json\/wp\/v2\/posts\/138965\/revisions"}],"wp:featuredmedia":[{"embeddable":true,"href":"https:\/\/cdnoticias.com\/index.php\/wp-json\/wp\/v2\/media\/152493"}],"wp:attachment":[{"href":"https:\/\/cdnoticias.com\/index.php\/wp-json\/wp\/v2\/media?parent=138965"}],"wp:term":[{"taxonomy":"category","embeddable":true,"href":"https:\/\/cdnoticias.com\/index.php\/wp-json\/wp\/v2\/categories?post=138965"},{"taxonomy":"post_tag","embeddable":true,"href":"https:\/\/cdnoticias.com\/index.php\/wp-json\/wp\/v2\/tags?post=138965"}],"curies":[{"name":"wp","href":"https:\/\/api.w.org\/{rel}","templated":true}]}}