{"id":138962,"date":"2023-01-23T17:51:16","date_gmt":"2023-01-23T20:51:16","guid":{"rendered":"http:\/\/centraldeportes.com.ar\/?p=29587"},"modified":"2025-02-10T21:49:20","modified_gmt":"2025-02-11T00:49:20","slug":"juveniles-de-embajadores-continuaran-su-formacion-en-clubes-de-primera-division","status":"publish","type":"post","link":"https:\/\/cdnoticias.com\/index.php\/2023\/01\/23\/juveniles-de-embajadores-continuaran-su-formacion-en-clubes-de-primera-division\/","title":{"rendered":"Juveniles de Embajadores continuar\u00e1n su formaci\u00f3n en clubes de Primera Divisi\u00f3n"},"content":{"rendered":"<p>Bautista Biondi y Bautista Olivera, futbolistas surgidos de las Inferiores del \u201cDiplom\u00e1tico\u201d, acordaron condiciones para continuar su futuro en dos importantes clubes de la m\u00e1xima categor\u00eda.<!--more--><\/p>\n<hr \/>\n<p>El semillero de Embajadores, que cuenta con una vasta trayectoria en colocar juveniles en clubes de \u00e9lite para su formaci\u00f3n, inform\u00f3 que <strong>dos jugadores de sus Inferiores afrontar\u00e1n un enorme desaf\u00edo en clubes que militan en Primera Divisi\u00f3n<\/strong>.<\/p>\n<p>&nbsp;<\/p>\n<p>Uno de ellos es <strong>Bautista Biondi<\/strong>, mediocampista de la categor\u00eda 2006, quien <strong>se convirti\u00f3 en nuevo jugador de Tigre<\/strong> y ya se encuentra haciendo la pretemporada con los colores del \u201cMatador\u201d.<\/p>\n<p>&nbsp;<\/p>\n<p><img data-recalc-dims=\"1\" loading=\"lazy\" decoding=\"async\" class=\"aligncenter wp-image-29589\" src=\"https:\/\/i0.wp.com\/centraldeportes.com.ar\/wp-content\/uploads\/2023\/01\/Bautista-Olivera-CEO-Lan%C3%BAs-e1674506842105.jpg?resize=594%2C406\" alt=\"\" width=\"594\" height=\"406\" \/><\/p>\n<p>&nbsp;<\/p>\n<p>Por otro lado,<strong> Bautista Olivera continuar\u00e1 su futuro en Lan\u00fas<\/strong>. El lateral izquierdo es categor\u00eda 2005 y ya tuvo sus primeros entrenamientos con la camiseta del \u201cGranate\u201d.<\/p>\n<p>&nbsp;<\/p>\n<p>Fotos: <strong>Club Embajadores Oficial<\/strong>.<\/p>\n","protected":false},"excerpt":{"rendered":"<p>Bautista Biondi y Bautista Olivera, futbolistas surgidos de las Inferiores del \u201cDiplom\u00e1tico\u201d, acordaron condiciones para continuar su futuro en dos<\/p>\n","protected":false},"author":96739694,"featured_media":152508,"comment_status":"closed","ping_status":"closed","sticky":false,"template":"","format":"standard","meta":{"_jetpack_memberships_contains_paid_content":false,"footnotes":""},"categories":[35,40,1],"tags":[],"class_list":["post-138962","post","type-post","status-publish","format-standard","has-post-thumbnail","hentry","category-futbol","category-inferiores","category-portada"],"jetpack_featured_media_url":"https:\/\/i0.wp.com\/cdnoticias.com\/wp-content\/uploads\/2023\/01\/Bautista-Biondi-CEO-Tigre-1-e1674506901181.jpg?fit=1000%2C595&ssl=1","jetpack_sharing_enabled":true,"_links":{"self":[{"href":"https:\/\/cdnoticias.com\/index.php\/wp-json\/wp\/v2\/posts\/138962","targetHints":{"allow":["GET"]}}],"collection":[{"href":"https:\/\/cdnoticias.com\/index.php\/wp-json\/wp\/v2\/posts"}],"about":[{"href":"https:\/\/cdnoticias.com\/index.php\/wp-json\/wp\/v2\/types\/post"}],"author":[{"embeddable":true,"href":"https:\/\/cdnoticias.com\/index.php\/wp-json\/wp\/v2\/users\/96739694"}],"replies":[{"embeddable":true,"href":"https:\/\/cdnoticias.com\/index.php\/wp-json\/wp\/v2\/comments?post=138962"}],"version-history":[{"count":0,"href":"https:\/\/cdnoticias.com\/index.php\/wp-json\/wp\/v2\/posts\/138962\/revisions"}],"wp:featuredmedia":[{"embeddable":true,"href":"https:\/\/cdnoticias.com\/index.php\/wp-json\/wp\/v2\/media\/152508"}],"wp:attachment":[{"href":"https:\/\/cdnoticias.com\/index.php\/wp-json\/wp\/v2\/media?parent=138962"}],"wp:term":[{"taxonomy":"category","embeddable":true,"href":"https:\/\/cdnoticias.com\/index.php\/wp-json\/wp\/v2\/categories?post=138962"},{"taxonomy":"post_tag","embeddable":true,"href":"https:\/\/cdnoticias.com\/index.php\/wp-json\/wp\/v2\/tags?post=138962"}],"curies":[{"name":"wp","href":"https:\/\/api.w.org\/{rel}","templated":true}]}}