{"id":138961,"date":"2023-01-23T17:35:27","date_gmt":"2023-01-23T20:35:27","guid":{"rendered":"http:\/\/centraldeportes.com.ar\/?p=29583"},"modified":"2025-02-10T21:49:23","modified_gmt":"2025-02-11T00:49:23","slug":"equipo-olavarriense-se-subio-al-podio-en-mar-del-plata","status":"publish","type":"post","link":"https:\/\/cdnoticias.com\/index.php\/2023\/01\/23\/equipo-olavarriense-se-subio-al-podio-en-mar-del-plata\/","title":{"rendered":"Equipo olavarriense se subi\u00f3 al podio en Mar del Plata"},"content":{"rendered":"<p>El pasado fin de semana se llev\u00f3 a cabo en Mar del Plata un Torneo Nacional de newcom con la presencia de un equipo olavarriense que se subi\u00f3 el podio.<\/p>\n<p><!--more--><\/p>\n<hr \/>\n<p>En la categor\u00eda +50 de la competencia que se llev\u00f3 a cabo en el gimnasio de CEDETALVO, hubo destacada actuaci\u00f3n de un equipo de Olavarr\u00eda que finaliz\u00f3 en la tercera colocaci\u00f3n.<\/p>\n<p>&nbsp;<\/p>\n<p>La competencia que se llev\u00f3 a cabo entre s\u00e1bado y domingo tuvo a los olavarrienses culminando en el tercer lugar, detr\u00e1s de Mar del Plata que fue el campe\u00f3n y de Tandil, ubicado en segundo t\u00e9rmino.<\/p>\n<p>&nbsp;<\/p>\n<p>El equipo de Olavarr\u00eda estuvo integrado por Pedro Goyeneche, Claudio Orsatti, Dante Santill\u00e1n, Javier Arrig\u00f3n, Jorge Rojas, Miriam Su\u00e1rez, Isabel Burgos, Valeria Palacios y Liliana Villafa\u00f1e.<\/p>\n","protected":false},"excerpt":{"rendered":"<p>El pasado fin de semana se llev\u00f3 a cabo en Mar del Plata un Torneo Nacional de newcom con la<\/p>\n","protected":false},"author":96739694,"featured_media":152513,"comment_status":"closed","ping_status":"closed","sticky":false,"template":"","format":"standard","meta":{"_jetpack_memberships_contains_paid_content":false,"footnotes":""},"categories":[30,1],"tags":[],"class_list":["post-138961","post","type-post","status-publish","format-standard","has-post-thumbnail","hentry","category-polideportivo","category-portada"],"jetpack_featured_media_url":"https:\/\/i0.wp.com\/cdnoticias.com\/wp-content\/uploads\/2023\/01\/WhatsApp-Image-2023-01-23-at-17.23.38-e1674506118813.jpeg?fit=1024%2C570&ssl=1","jetpack_sharing_enabled":true,"_links":{"self":[{"href":"https:\/\/cdnoticias.com\/index.php\/wp-json\/wp\/v2\/posts\/138961","targetHints":{"allow":["GET"]}}],"collection":[{"href":"https:\/\/cdnoticias.com\/index.php\/wp-json\/wp\/v2\/posts"}],"about":[{"href":"https:\/\/cdnoticias.com\/index.php\/wp-json\/wp\/v2\/types\/post"}],"author":[{"embeddable":true,"href":"https:\/\/cdnoticias.com\/index.php\/wp-json\/wp\/v2\/users\/96739694"}],"replies":[{"embeddable":true,"href":"https:\/\/cdnoticias.com\/index.php\/wp-json\/wp\/v2\/comments?post=138961"}],"version-history":[{"count":0,"href":"https:\/\/cdnoticias.com\/index.php\/wp-json\/wp\/v2\/posts\/138961\/revisions"}],"wp:featuredmedia":[{"embeddable":true,"href":"https:\/\/cdnoticias.com\/index.php\/wp-json\/wp\/v2\/media\/152513"}],"wp:attachment":[{"href":"https:\/\/cdnoticias.com\/index.php\/wp-json\/wp\/v2\/media?parent=138961"}],"wp:term":[{"taxonomy":"category","embeddable":true,"href":"https:\/\/cdnoticias.com\/index.php\/wp-json\/wp\/v2\/categories?post=138961"},{"taxonomy":"post_tag","embeddable":true,"href":"https:\/\/cdnoticias.com\/index.php\/wp-json\/wp\/v2\/tags?post=138961"}],"curies":[{"name":"wp","href":"https:\/\/api.w.org\/{rel}","templated":true}]}}