{"id":138945,"date":"2023-01-19T23:16:29","date_gmt":"2023-01-20T02:16:29","guid":{"rendered":"http:\/\/centraldeportes.com.ar\/?p=29477"},"modified":"2025-02-10T21:47:16","modified_gmt":"2025-02-11T00:47:16","slug":"embajadores-puso-en-marcha-los-entrenamientos","status":"publish","type":"post","link":"https:\/\/cdnoticias.com\/index.php\/2023\/01\/19\/embajadores-puso-en-marcha-los-entrenamientos\/","title":{"rendered":"Embajadores puso en marcha los entrenamientos"},"content":{"rendered":"<p>Bajo la atenta mirada de Luciano Bilbao, este jueves por la tarde los planteles mayores del \u201cDiplom\u00e1tico\u201d comenzaron oficialmente los trabajos de pretemporada.<!--more--><\/p>\n<hr \/>\n<p>Como ya lo han hecho varios clubes en los d\u00edas previos, este jueves por la tarde<strong> el vigente campe\u00f3n del f\u00fatbol olavarriense comenz\u00f3 el a\u00f1o de manera oficial con los trabajos de pretemporada<\/strong>.<\/p>\n<p>&nbsp;<\/p>\n<p>La pr\u00e1ctica, realizada en las instalaciones del CEO, <strong>estuvo coordinada por el nuevo entrenador, Luciano Bilbao<\/strong>, quien tras su paso por Loma Negra lleg\u00f3 a la instituci\u00f3n de la familia Di Carlo en reemplazo de Miguel Diorio.<\/p>\n<p>&nbsp;<\/p>\n<p>[soliloquy id=&#8221;29437&#8243;]<\/p>\n<p>&nbsp;<\/p>\n<p>El cuerpo t\u00e9cnico que lo acompa\u00f1a est\u00e1 compuesto por <strong>Ignacio Zalazar y Gast\u00f3n Clemente como ayudantes de campo<\/strong>, mientras que<strong> Bruno Di Carlo y Rom\u00e1n Zanetti ser\u00e1n los preparadores f\u00edsicos<\/strong>.<\/p>\n<p>&nbsp;<\/p>\n<p>Vale recordar que el pr\u00f3ximo torneo venidero ser\u00e1 el Torneo Interligas 2023, donde Embajadores compartir\u00e1 zona con Sarmiento y Atl\u00e9tico de Tapalqu\u00e9, Porte\u00f1o de Cachar\u00ed, \u00a0Cemento y Chacarita de Azul y Luj\u00e1n.<\/p>\n","protected":false},"excerpt":{"rendered":"<p>Bajo la atenta mirada de Luciano Bilbao, este jueves por la tarde los planteles mayores del \u201cDiplom\u00e1tico\u201d comenzaron oficialmente los<\/p>\n","protected":false},"author":96739694,"featured_media":152442,"comment_status":"closed","ping_status":"closed","sticky":false,"template":"","format":"standard","meta":{"_jetpack_memberships_contains_paid_content":false,"footnotes":""},"categories":[35,1,41],"tags":[],"class_list":["post-138945","post","type-post","status-publish","format-standard","has-post-thumbnail","hentry","category-futbol","category-portada","category-primera-y-reserva"],"jetpack_featured_media_url":"https:\/\/i0.wp.com\/cdnoticias.com\/wp-content\/uploads\/2023\/01\/pretemp-embajadores-11.jpeg?fit=1280%2C853&ssl=1","jetpack_sharing_enabled":true,"_links":{"self":[{"href":"https:\/\/cdnoticias.com\/index.php\/wp-json\/wp\/v2\/posts\/138945","targetHints":{"allow":["GET"]}}],"collection":[{"href":"https:\/\/cdnoticias.com\/index.php\/wp-json\/wp\/v2\/posts"}],"about":[{"href":"https:\/\/cdnoticias.com\/index.php\/wp-json\/wp\/v2\/types\/post"}],"author":[{"embeddable":true,"href":"https:\/\/cdnoticias.com\/index.php\/wp-json\/wp\/v2\/users\/96739694"}],"replies":[{"embeddable":true,"href":"https:\/\/cdnoticias.com\/index.php\/wp-json\/wp\/v2\/comments?post=138945"}],"version-history":[{"count":0,"href":"https:\/\/cdnoticias.com\/index.php\/wp-json\/wp\/v2\/posts\/138945\/revisions"}],"wp:featuredmedia":[{"embeddable":true,"href":"https:\/\/cdnoticias.com\/index.php\/wp-json\/wp\/v2\/media\/152442"}],"wp:attachment":[{"href":"https:\/\/cdnoticias.com\/index.php\/wp-json\/wp\/v2\/media?parent=138945"}],"wp:term":[{"taxonomy":"category","embeddable":true,"href":"https:\/\/cdnoticias.com\/index.php\/wp-json\/wp\/v2\/categories?post=138945"},{"taxonomy":"post_tag","embeddable":true,"href":"https:\/\/cdnoticias.com\/index.php\/wp-json\/wp\/v2\/tags?post=138945"}],"curies":[{"name":"wp","href":"https:\/\/api.w.org\/{rel}","templated":true}]}}