{"id":138943,"date":"2023-01-19T19:18:09","date_gmt":"2023-01-19T22:18:09","guid":{"rendered":"http:\/\/centraldeportes.com.ar\/?p=29432"},"modified":"2025-02-10T21:47:21","modified_gmt":"2025-02-11T00:47:21","slug":"que-todos-los-equipos-te-elijan-como-mejor-jugadora-es-una-sensacion-muy-linda","status":"publish","type":"post","link":"https:\/\/cdnoticias.com\/index.php\/2023\/01\/19\/que-todos-los-equipos-te-elijan-como-mejor-jugadora-es-una-sensacion-muy-linda\/","title":{"rendered":"\u201cQue todos los equipos te elijan como mejor jugadora es una sensaci\u00f3n muy linda\u201d"},"content":{"rendered":"<p>Daiana Leonardo, referente del f\u00fatbol femenino de Olavarr\u00eda, dialog\u00f3 en exclusiva con Central de Deportes sobre sus inicios, la Selecci\u00f3n local y su desempe\u00f1o durante el 2022 que la catapult\u00f3 para ser elegida nuevamente como mejor jugadora de la ciudad. \u00a0<!--more--><\/p>\n<hr \/>\n<p>Velocidad, control dominado, buena t\u00e9cnica y humildad son algunos de los sin\u00f3nimos que podemos vincular a <strong>Daiana Leonardo<\/strong>, jugadora olavarriense <strong>de 25 a\u00f1os<\/strong>, quien <strong>actualmente defiende los colores de Municipales<\/strong>, equipo que es conducido t\u00e9cnicamente por su padre, Eduardo Leonardo.<\/p>\n<p>&nbsp;<\/p>\n<p><em>\u201c<strong>Con mi pap\u00e1 me acostumbre a jugar de 5 pero me gusta mucho jugar de volante, me siento m\u00e1s c\u00f3moda<\/strong>\u201d<\/em>, se describi\u00f3 futbol\u00edsticamente Daiana.<\/p>\n<p>&nbsp;<\/p>\n<h6><strong>Del barrio a la cancha<\/strong><\/h6>\n<p>\u201c<em><strong>Arranque de muy chica en el potrero con mis hermanos y a los 14 a\u00f1os inici\u00e9 en el club Ferroviario<\/strong> que recuerdo viaj\u00e1bamos a Azul a jugar porque ac\u00e1 en Olavarr\u00eda a\u00fan no hab\u00eda Liga\u201d, <\/em>confes\u00f3 la jugadora sobre sus primeros v\u00ednculos con el f\u00fatbol y continu\u00f3 en la misma l\u00ednea: <em>\u201c<strong>Despu\u00e9s me fui a jugar con mi pap\u00e1 en los torneos barriales junto con unas chicas conocidas representando a Nicol\u00e1s Avellaneda<\/strong>\u201d.<\/em><\/p>\n<p>&nbsp;<\/p>\n<p>Cuando el equipo del barrio estuvo a punto de disolverse apareci\u00f3 <strong>Municipales<\/strong>, que acapar\u00f3 a todo el elenco y fue un apoyo fundamental para la continuidad de las chicas: <em>\u201cEl club nos ofreci\u00f3 lo que necesit\u00e1bamos para seguir y nos brind\u00f3 todo para los entrenamientos y lo que precisemos\u201d<\/em>, aludi\u00f3 la joven.<\/p>\n<p>&nbsp;<\/p>\n<p><img data-recalc-dims=\"1\" loading=\"lazy\" decoding=\"async\" class=\"aligncenter size-full wp-image-29427\" src=\"https:\/\/i0.wp.com\/centraldeportes.com.ar\/wp-content\/uploads\/2023\/01\/daiana-leonardo-6.jpeg?resize=800%2C533\" alt=\"\" width=\"800\" height=\"533\" \/><\/p>\n<p>&nbsp;<\/p>\n<p>Por otro lado, enfocando la charla con respecto a lo individual, Daiana se anim\u00f3 a describirse futbol\u00edsticamente: <em>\u201c<strong>Una virtud es que soy muy compa\u00f1era, siempre aliento a las chicas para que puedan dar un poco m\u00e1s<\/strong>\u201d<\/em>, se\u00f1al\u00f3 en primer lugar y con respecto a lo contrario agreg\u00f3: <em>\u201c<strong>Un defecto es que quiz\u00e1 me caliento por alguna jugada que no sale pero son cuestiones de partido nada m\u00e1s<\/strong>\u201d.<\/em><\/p>\n<p><em>\u00a0<\/em><\/p>\n<blockquote><p><em>\u201cEl femenino local va creciendo muy r\u00e1pido y hay un apoyo de los distintos clubes que antes no hab\u00eda\u201d.<\/em><\/p><\/blockquote>\n<p>&nbsp;<\/p>\n<h6><strong>Balance del 2022 con Municipales<\/strong><\/h6>\n<p><em>\u201cArrancamos de capa ca\u00edda y fuimos remontando de a poco, <strong>creo que terminamos bastante bien el a\u00f1o<\/strong>\u201d<\/em>, sintetiz\u00f3 Daiana\u00a0 haciendo referencia al quinto puesto del elenco \u201cMunicipal\u201d en la Copa Campeonato.<\/p>\n<p>&nbsp;<\/p>\n<p><strong>Del an\u00e1lisis tambi\u00e9n particip\u00f3 Eduardo Leonardo<\/strong>, t\u00e9cnico del equipo, y sostuvo que: <em>\u201cCuando apareci\u00f3 la propuesta de Municipales se fue sumando m\u00e1s gente del mismo club que nos dieron una mano b\u00e1rbara como Camila y Lucrecia y eso nos hizo ir creciendo como equipo\u201d, <\/em>acot\u00f3.<\/p>\n<p>&nbsp;<\/p>\n<p>\u201c<em><strong>Como todo equipo tenemos nuestros pro y contras, algo a favor es que la actitud que siempre tuvo el equipo y algo pendiente es quiz\u00e1 en algunas jugadoras la poca capacidad para ir a entrenar<\/strong>\u201d<\/em>, sintetiz\u00f3 el t\u00e9cnico quien adem\u00e1s agradeci\u00f3 al club por los recursos que propone y dispone para sus jugadoras.<\/p>\n<p>&nbsp;<\/p>\n<p><img data-recalc-dims=\"1\" loading=\"lazy\" decoding=\"async\" class=\"aligncenter size-full wp-image-29431\" src=\"https:\/\/i0.wp.com\/centraldeportes.com.ar\/wp-content\/uploads\/2023\/01\/daiana-leonardo-4.jpeg?resize=800%2C533\" alt=\"\" width=\"800\" height=\"533\" \/><\/p>\n<p>&nbsp;<\/p>\n<h6><strong>Daiana y la Selecci\u00f3n de Olavarr\u00eda<\/strong><\/h6>\n<p>\u201c<strong><em>Es un orgullo representar a mi ciudad<\/em><\/strong>, <em>si bien todav\u00eda nos falta entendernos porque ninguna nos conoc\u00edamos en s\u00ed, creo que lo vamos a ir mejorando con los entrenamientos\u201d<\/em>, afirm\u00f3 la futbolista.<\/p>\n<p>&nbsp;<\/p>\n<p>Actualmente, <strong>el combinado local dirigido por Claudio Pinedo se encuentra en octavos de final<\/strong> del certamen de Selecciones organizado por la Federaci\u00f3n Bonaerense Pampeana de F\u00fatbol. Asimismo,<strong> este pr\u00f3ximo domingo (19:00), estar\u00e1 disputando el duelo de ida frente a Jun\u00edn en cancha de Embajadores<\/strong>.<\/p>\n<p>&nbsp;<\/p>\n<p><img data-recalc-dims=\"1\" loading=\"lazy\" decoding=\"async\" class=\"aligncenter size-full wp-image-29426\" src=\"https:\/\/i0.wp.com\/centraldeportes.com.ar\/wp-content\/uploads\/2023\/01\/daiana-leonardo-5.jpeg?resize=800%2C533\" alt=\"\" width=\"800\" height=\"533\" \/><\/p>\n<p>&nbsp;<\/p>\n<p>Al igual que en el 2021, Daiana fue elegida nuevamente como mejor jugadora por todo su trayecto durante el 2022: \u201c<em><strong>Siento mucho orgullo, sinceramente no me lo esperaba al premio<\/strong>\u201d<\/em>, se sincer\u00f3 la volante y luego acot\u00f3: <em>\u201c<strong>Obviamente me infla el pecho que todos los equipos te elijan como mejor jugadora es una sensaci\u00f3n muy linda y una forma de recompensar todo el esfuerzo<\/strong>\u201d.<\/em><\/p>\n<p>&nbsp;<\/p>\n<p>La esperanzas se renovaron para este 2023 y en base a eso, la jugadora de Municipales manifest\u00f3: \u201c<em><strong>Tenemos como objetivo seguir con el equipo que tenemos, buscar siempre la victoria y pelear por el campeonato que siempre estamos a un paso y no se nos da<\/strong>\u201d.<\/em><\/p>\n<p>&nbsp;<\/p>\n<p><img data-recalc-dims=\"1\" loading=\"lazy\" decoding=\"async\" class=\"aligncenter size-full wp-image-29428\" src=\"https:\/\/i0.wp.com\/centraldeportes.com.ar\/wp-content\/uploads\/2023\/01\/daiana-leonardo-1.jpeg?resize=800%2C533\" alt=\"\" width=\"800\" height=\"533\" \/><\/p>\n<p>&nbsp;<\/p>\n<blockquote><p><em>\u201cA las m\u00e1s chicas les digo que no bajen los brazos a pesar de la discriminaci\u00f3n que sufrimos las mujeres y que sigan para adelante\u201d.<\/em><\/p><\/blockquote>\n<p>&nbsp;<\/p>\n<p><em>\u201c<strong>A Daiana siempre le digo que haga lo que le gusta, que se sienta c\u00f3moda. Ella decidi\u00f3 jugar al f\u00fatbol y el apoyo m\u00edo lo va a tener siempre<\/strong>\u201d<\/em>, afirm\u00f3 Eduardo con orgullo hacia su hija.<\/p>\n<p>&nbsp;<\/p>\n<p>Los \u00faltimos minutos fueron para Daiana, quien se tom\u00f3 el tiempo de agradecer \u201c<em><strong>A mi viejo, mi familia, al club Municipales y a mis compa\u00f1eras, que parte de mi premio es gracias a ellas tambi\u00e9n<\/strong>\u201d<\/em>, cerr\u00f3.<\/p>\n","protected":false},"excerpt":{"rendered":"<p>Daiana Leonardo, referente del f\u00fatbol femenino de Olavarr\u00eda, dialog\u00f3 en exclusiva con Central de Deportes sobre sus inicios, la Selecci\u00f3n<\/p>\n","protected":false},"author":96739694,"featured_media":152451,"comment_status":"closed","ping_status":"closed","sticky":false,"template":"","format":"standard","meta":{"_jetpack_memberships_contains_paid_content":false,"footnotes":""},"categories":[47,35,1],"tags":[],"class_list":["post-138943","post","type-post","status-publish","format-standard","has-post-thumbnail","hentry","category-femenino","category-futbol","category-portada"],"jetpack_featured_media_url":"https:\/\/i0.wp.com\/cdnoticias.com\/wp-content\/uploads\/2023\/01\/daiana-leonardo-3.jpeg?fit=1280%2C853&ssl=1","jetpack_sharing_enabled":true,"_links":{"self":[{"href":"https:\/\/cdnoticias.com\/index.php\/wp-json\/wp\/v2\/posts\/138943","targetHints":{"allow":["GET"]}}],"collection":[{"href":"https:\/\/cdnoticias.com\/index.php\/wp-json\/wp\/v2\/posts"}],"about":[{"href":"https:\/\/cdnoticias.com\/index.php\/wp-json\/wp\/v2\/types\/post"}],"author":[{"embeddable":true,"href":"https:\/\/cdnoticias.com\/index.php\/wp-json\/wp\/v2\/users\/96739694"}],"replies":[{"embeddable":true,"href":"https:\/\/cdnoticias.com\/index.php\/wp-json\/wp\/v2\/comments?post=138943"}],"version-history":[{"count":0,"href":"https:\/\/cdnoticias.com\/index.php\/wp-json\/wp\/v2\/posts\/138943\/revisions"}],"wp:featuredmedia":[{"embeddable":true,"href":"https:\/\/cdnoticias.com\/index.php\/wp-json\/wp\/v2\/media\/152451"}],"wp:attachment":[{"href":"https:\/\/cdnoticias.com\/index.php\/wp-json\/wp\/v2\/media?parent=138943"}],"wp:term":[{"taxonomy":"category","embeddable":true,"href":"https:\/\/cdnoticias.com\/index.php\/wp-json\/wp\/v2\/categories?post=138943"},{"taxonomy":"post_tag","embeddable":true,"href":"https:\/\/cdnoticias.com\/index.php\/wp-json\/wp\/v2\/tags?post=138943"}],"curies":[{"name":"wp","href":"https:\/\/api.w.org\/{rel}","templated":true}]}}