{"id":138935,"date":"2023-01-18T09:31:00","date_gmt":"2023-01-18T12:31:00","guid":{"rendered":"http:\/\/centraldeportes.com.ar\/?p=29383"},"modified":"2023-01-18T09:31:00","modified_gmt":"2023-01-18T12:31:00","slug":"el-hermanos-emiliozzi-tendra-pruebas-de-tc-en-febrero-2","status":"publish","type":"post","link":"https:\/\/cdnoticias.com\/index.php\/2023\/01\/18\/el-hermanos-emiliozzi-tendra-pruebas-de-tc-en-febrero-2\/","title":{"rendered":"El \u201cHermanos Emiliozzi\u201d tendr\u00e1 pruebas de TC en febrero"},"content":{"rendered":"<p>El circuito de Olavarr\u00eda fue habilitado por la ACTC como \u00fanico escenario de pruebas. De este modo, todos los protagonistas que quieren probar los autos de cara a la primera fecha del 12 de Febrero en Viedma, podr\u00e1n girar en el circuito del Amco.<\/p>\n<p><!--more--><\/p>\n<hr \/>\n<p>Este martes, la CAF de la ACTC lo confirm\u00f3 mediante un comunicado, en donde indica que para el mes de febrero, el circuito de Olavarr\u00eda es el \u00fanico escenario habilitado para pruebas. El \u201cRoberto Mouras\u201d de La Plata se encuentra realizando tareas de mantenimiento y refacci\u00f3n en la pista, este era hasta entonces el circuito habilitado para ensayos, pero ahora el Amco vuelve a contar con esta habilitaci\u00f3n que se traduce en un importante beneficio econ\u00f3mico para la instituci\u00f3n local.<\/p>\n<p>&nbsp;<\/p>\n<p>De este modo, se espera que varios protagonistas de Turismo Carretera y TC Pista se acerquen hasta la ciudad para establecer ensayos, muchos prev\u00e9n hacerlo con anticipaci\u00f3n y camino a Viedma, escenario donde la categor\u00eda comenzar\u00e1 el campeonato 2023 los d\u00edas 10, 11 y 12 de febrero.<\/p>\n","protected":false},"excerpt":{"rendered":"<p>El circuito de Olavarr\u00eda fue habilitado por la ACTC como \u00fanico escenario de pruebas. De este modo, todos los protagonistas<\/p>\n","protected":false},"author":96739695,"featured_media":29384,"comment_status":"closed","ping_status":"closed","sticky":false,"template":"","format":"standard","meta":{"_jetpack_memberships_contains_paid_content":false,"footnotes":""},"categories":[34,1],"tags":[],"class_list":["post-138935","post","type-post","status-publish","format-standard","has-post-thumbnail","hentry","category-automovilismo","category-portada"],"jetpack_featured_media_url":"https:\/\/i0.wp.com\/cdnoticias.com\/wp-content\/uploads\/2021\/08\/vamos-con-vos-1.jpeg?fit=1600%2C800&ssl=1","jetpack_sharing_enabled":true,"_links":{"self":[{"href":"https:\/\/cdnoticias.com\/index.php\/wp-json\/wp\/v2\/posts\/138935","targetHints":{"allow":["GET"]}}],"collection":[{"href":"https:\/\/cdnoticias.com\/index.php\/wp-json\/wp\/v2\/posts"}],"about":[{"href":"https:\/\/cdnoticias.com\/index.php\/wp-json\/wp\/v2\/types\/post"}],"author":[{"embeddable":true,"href":"https:\/\/cdnoticias.com\/index.php\/wp-json\/wp\/v2\/users\/96739695"}],"replies":[{"embeddable":true,"href":"https:\/\/cdnoticias.com\/index.php\/wp-json\/wp\/v2\/comments?post=138935"}],"version-history":[{"count":0,"href":"https:\/\/cdnoticias.com\/index.php\/wp-json\/wp\/v2\/posts\/138935\/revisions"}],"wp:featuredmedia":[{"embeddable":true,"href":"https:\/\/cdnoticias.com\/index.php\/wp-json\/wp\/v2\/media\/29384"}],"wp:attachment":[{"href":"https:\/\/cdnoticias.com\/index.php\/wp-json\/wp\/v2\/media?parent=138935"}],"wp:term":[{"taxonomy":"category","embeddable":true,"href":"https:\/\/cdnoticias.com\/index.php\/wp-json\/wp\/v2\/categories?post=138935"},{"taxonomy":"post_tag","embeddable":true,"href":"https:\/\/cdnoticias.com\/index.php\/wp-json\/wp\/v2\/tags?post=138935"}],"curies":[{"name":"wp","href":"https:\/\/api.w.org\/{rel}","templated":true}]}}