{"id":138928,"date":"2023-01-17T00:21:18","date_gmt":"2023-01-17T03:21:18","guid":{"rendered":"http:\/\/centraldeportes.com.ar\/?p=29351"},"modified":"2025-02-10T21:25:24","modified_gmt":"2025-02-11T00:25:24","slug":"cuatro-clubes-comenzaron-los-trabajos-de-pretemporada","status":"publish","type":"post","link":"https:\/\/cdnoticias.com\/index.php\/2023\/01\/17\/cuatro-clubes-comenzaron-los-trabajos-de-pretemporada\/","title":{"rendered":"Cuatro clubes comenzaron los trabajos de pretemporada"},"content":{"rendered":"<p>En la tarde de este lunes, los planteles de Estudiantes, Hinojo, Sierra Chica y Municipales iniciaron los entrenamientos de cara al arranque de los torneos oficiales.<!--more--><\/p>\n<hr \/>\n<p><strong>Varios equipos de nuestra ciudad pusieron en marcha los entrenamientos de pretemporada<\/strong> en la calurosa tarde de <strong>este lunes<\/strong>, pensando en lo que ser\u00e1 el arranque de la temporada oficial con el Torneo Interligas a fines de febrero.<\/p>\n<p>&nbsp;<\/p>\n<p>En el Campo de Deportes del Parque Carlos Guerrero, <strong>Estudiantes puso primera con los preparativos bajo las \u00f3rdenes de la nueva dupla t\u00e9cnica compuesta por Emmanuel Echeverr\u00eda y Nicol\u00e1s Serantes<\/strong>, quienes estar\u00e1n al mando de los planteles mayores.<\/p>\n<p>&nbsp;<\/p>\n<figure id=\"attachment_29352\" aria-describedby=\"caption-attachment-29352\" style=\"width: 656px\" class=\"wp-caption aligncenter\"><img data-recalc-dims=\"1\" loading=\"lazy\" decoding=\"async\" class=\"wp-image-29352\" src=\"https:\/\/i0.wp.com\/centraldeportes.com.ar\/wp-content\/uploads\/2023\/01\/Emmanuel-Echeverr%C3%ADa-y-Nicol%C3%A1s-Serantes-CAE.jpg?resize=656%2C434\" alt=\"\" width=\"656\" height=\"434\" \/><figcaption id=\"caption-attachment-29352\" class=\"wp-caption-text\">Cr\u00e9dito: Prensa CAE<\/figcaption><\/figure>\n<p>&nbsp;<\/p>\n<p>Asimismo, <strong>Municipales hizo lo propio<\/strong> en su predio y ya <strong>anunci\u00f3 la continuidad de Francisco \u201cFatiga\u201d Russo<\/strong> <strong>como DT<\/strong> y a Jorge \u201cRombo\u201d Masson como preparador f\u00edsico.<\/p>\n<p>&nbsp;<\/p>\n<p>Otro que inici\u00f3 los trabajos intensivos durante la jornada fue <strong>Sierra Chica<\/strong>, el \u00faltimo campe\u00f3n del Octogonal amistoso. <strong>Los planteles de Primera y Reserva del conjunto de la banda azul estuvieron bajo la mirada de Mart\u00edn La Ferrara, quien se har\u00e1 cargo del equipo en este 2023<\/strong>.<\/p>\n<p>&nbsp;<\/p>\n<p>&nbsp;<\/p>\n<figure id=\"attachment_29354\" aria-describedby=\"caption-attachment-29354\" style=\"width: 655px\" class=\"wp-caption aligncenter\"><img data-recalc-dims=\"1\" loading=\"lazy\" decoding=\"async\" class=\"wp-image-29354\" src=\"https:\/\/i0.wp.com\/centraldeportes.com.ar\/wp-content\/uploads\/2023\/01\/Pretemporada-2023-Sierra-Chica-e1673925518231.jpg?resize=655%2C401\" alt=\"\" width=\"655\" height=\"401\" \/><figcaption id=\"caption-attachment-29354\" class=\"wp-caption-text\">Cr\u00e9dito: Club Sierra Chica Oficial<\/figcaption><\/figure>\n<p>&nbsp;<\/p>\n<p>Por otro lado, <strong>Hinojo tambi\u00e9n comenz\u00f3 la pretemporada en la tarde de este lunes a las \u00f3rdenes de Miguel Aranz\u00e1bal<\/strong>, quien continuar\u00e1 al mando del equipo \u201cAlbiverde\u201d durante el corriente a\u00f1o.<\/p>\n<p>&nbsp;<\/p>\n<p>Asimismo, <strong>este pr\u00f3ximo jueves, arrancar\u00e1 Embajadores<\/strong> con la primera pr\u00e1ctica de Luciano Bilbao, <strong>mientras que San Mart\u00edn lo har\u00e1 el martes 24 bajo la conducci\u00f3n de Carlos \u201cNino\u201d Cirioli como t\u00e9cnico<\/strong>, Ricardo Ferreyra ayudante de campo y Braian Vales como preparador f\u00edsico.<\/p>\n<p>&nbsp;<\/p>\n<p>Foto: <strong>Prensa CAE<\/strong>.<\/p>\n","protected":false},"excerpt":{"rendered":"<p>En la tarde de este lunes, los planteles de Estudiantes, Hinojo, Sierra Chica y Municipales iniciaron los entrenamientos de cara<\/p>\n","protected":false},"author":96739694,"featured_media":152167,"comment_status":"closed","ping_status":"closed","sticky":false,"template":"","format":"standard","meta":{"_jetpack_memberships_contains_paid_content":false,"footnotes":""},"categories":[35,1,41],"tags":[],"class_list":["post-138928","post","type-post","status-publish","format-standard","has-post-thumbnail","hentry","category-futbol","category-portada","category-primera-y-reserva"],"jetpack_featured_media_url":"https:\/\/i0.wp.com\/cdnoticias.com\/wp-content\/uploads\/2023\/01\/Pretemporada-CAE-2023-e1673925640141-scaled.jpg?fit=2560%2C1510&ssl=1","jetpack_sharing_enabled":true,"_links":{"self":[{"href":"https:\/\/cdnoticias.com\/index.php\/wp-json\/wp\/v2\/posts\/138928","targetHints":{"allow":["GET"]}}],"collection":[{"href":"https:\/\/cdnoticias.com\/index.php\/wp-json\/wp\/v2\/posts"}],"about":[{"href":"https:\/\/cdnoticias.com\/index.php\/wp-json\/wp\/v2\/types\/post"}],"author":[{"embeddable":true,"href":"https:\/\/cdnoticias.com\/index.php\/wp-json\/wp\/v2\/users\/96739694"}],"replies":[{"embeddable":true,"href":"https:\/\/cdnoticias.com\/index.php\/wp-json\/wp\/v2\/comments?post=138928"}],"version-history":[{"count":0,"href":"https:\/\/cdnoticias.com\/index.php\/wp-json\/wp\/v2\/posts\/138928\/revisions"}],"wp:featuredmedia":[{"embeddable":true,"href":"https:\/\/cdnoticias.com\/index.php\/wp-json\/wp\/v2\/media\/152167"}],"wp:attachment":[{"href":"https:\/\/cdnoticias.com\/index.php\/wp-json\/wp\/v2\/media?parent=138928"}],"wp:term":[{"taxonomy":"category","embeddable":true,"href":"https:\/\/cdnoticias.com\/index.php\/wp-json\/wp\/v2\/categories?post=138928"},{"taxonomy":"post_tag","embeddable":true,"href":"https:\/\/cdnoticias.com\/index.php\/wp-json\/wp\/v2\/tags?post=138928"}],"curies":[{"name":"wp","href":"https:\/\/api.w.org\/{rel}","templated":true}]}}