{"id":138926,"date":"2023-01-16T19:50:00","date_gmt":"2023-01-16T22:50:00","guid":{"rendered":"http:\/\/centraldeportes.com.ar\/?p=29335"},"modified":"2025-02-10T21:44:15","modified_gmt":"2025-02-11T00:44:15","slug":"fin-de-semana-cargado-de-amistosos-para-los-olavarrienses","status":"publish","type":"post","link":"https:\/\/cdnoticias.com\/index.php\/2023\/01\/16\/fin-de-semana-cargado-de-amistosos-para-los-olavarrienses\/","title":{"rendered":"Fin de semana cargado de amistosos para los olavarrienses"},"content":{"rendered":"<p>Varios jugadores locales contin\u00faan sumando ritmo futbol\u00edstico previo al arranque oficial de la temporada con sus respectivos equipos.<!--more--><\/p>\n<hr \/>\n<p>A d\u00edas para que los\u00a0<strong>futbolistas olavarrienses<\/strong> comiencen oficialmente la temporada 2023, varios de ellos <strong>sumaron minutos con sus equipos en distintos amistosos de pretemporada<\/strong> disputados el pasado fin de semana.<\/p>\n<p>&nbsp;<\/p>\n<p>En los enfrentamientos de la <strong>Divisi\u00f3n Reserva<\/strong>, <strong>Sarmiento de Jun\u00edn, con Lautaro Diuono titular, volvi\u00f3 a enfrentar a Newell\u2019s y le gan\u00f3 por 1 a 0 en Rosario<\/strong> con gol de Juan Caviglia. Por otro lado, <strong>Lan\u00fas realiz\u00f3 una doble jornada frente a V\u00e9lez Sarsfield<\/strong> en el Polideportivo \u201cLorenzo Francisco D\u2019angelo\u201d <strong>y en ninguno de los dos encuentros tuvo participaci\u00f3n Mauricio Cardillo<\/strong>.<\/p>\n<p>&nbsp;<\/p>\n<p>Tambi\u00e9n hubo acci\u00f3n para los representantes en la Primera Nacional. <strong>Kevin Ceceri, flamante refuerzo de San Telmo, jug\u00f3 de titular en el primero de los amistosos disputados frente a Quilmes y fue derrota para el \u201cCandombero\u201d por 2 a 1<\/strong>. Por su parte, <strong>Agropecuario de Carlos Casares<\/strong> organiz\u00f3 una doble jornada de cotejos ante Flandria y en el primero de ellos, <strong>con presencia de Edgardo Maldonado, fue derrota 1 a 0 para el \u201cSojero\u201d<\/strong>.<\/p>\n<p>&nbsp;<\/p>\n<figure id=\"attachment_29337\" aria-describedby=\"caption-attachment-29337\" style=\"width: 1069px\" class=\"wp-caption aligncenter\"><img data-recalc-dims=\"1\" loading=\"lazy\" decoding=\"async\" class=\"wp-image-29337 size-full\" src=\"https:\/\/i0.wp.com\/centraldeportes.com.ar\/wp-content\/uploads\/2023\/01\/Kevin-Ceceri-San-Telmo-2023-e1673909116333.jpeg?resize=800%2C458\" alt=\"\" width=\"800\" height=\"458\" \/><figcaption id=\"caption-attachment-29337\" class=\"wp-caption-text\">Cr\u00e9dito: Club Atl\u00e9tico San Telmo<\/figcaption><\/figure>\n<p>&nbsp;<\/p>\n<p>Asimismo, <strong>el que tambi\u00e9n tuvo actividad y sum\u00f3 sus primeros minutos en Villa San Carlos fue Sim\u00f3n Buscaglia<\/strong>. <strong>El lateral olavarriense form\u00f3 parte del once inicial que propuso \u201cEl Cele\u201d para el amistoso ante Gimnasia y Esgrima de La Plata<\/strong> en Estancia Chica. <strong>Fue derrota 3 a 1<\/strong> para el conjunto del ex Ferro Carril Sud, quien sali\u00f3 reemplazado en la segunda etapa.<\/p>\n<p>&nbsp;<\/p>\n<p>Por otro lado, <strong>Nadir Hadad comenz\u00f3 los trabajos de pretemporada en Olimpo de Bah\u00eda Blanca<\/strong>, prepar\u00e1ndose para otra temporada en el Torneo Federal A que dar\u00e1 comienzo el 19 de marzo.<\/p>\n<p>&nbsp;<\/p>\n<p>Foto: <strong>Club Sarmiento Oficial<\/strong>.<\/p>\n","protected":false},"excerpt":{"rendered":"<p>Varios jugadores locales contin\u00faan sumando ritmo futbol\u00edstico previo al arranque oficial de la temporada con sus respectivos equipos.<\/p>\n","protected":false},"author":96739694,"featured_media":152405,"comment_status":"closed","ping_status":"closed","sticky":false,"template":"","format":"standard","meta":{"_jetpack_memberships_contains_paid_content":false,"footnotes":""},"categories":[35,37,1],"tags":[],"class_list":["post-138926","post","type-post","status-publish","format-standard","has-post-thumbnail","hentry","category-futbol","category-futbol-profesional","category-portada"],"jetpack_featured_media_url":"https:\/\/i0.wp.com\/cdnoticias.com\/wp-content\/uploads\/2023\/01\/Lautaro-Diuono-amistoso.jpg?fit=2048%2C1536&ssl=1","jetpack_sharing_enabled":true,"_links":{"self":[{"href":"https:\/\/cdnoticias.com\/index.php\/wp-json\/wp\/v2\/posts\/138926","targetHints":{"allow":["GET"]}}],"collection":[{"href":"https:\/\/cdnoticias.com\/index.php\/wp-json\/wp\/v2\/posts"}],"about":[{"href":"https:\/\/cdnoticias.com\/index.php\/wp-json\/wp\/v2\/types\/post"}],"author":[{"embeddable":true,"href":"https:\/\/cdnoticias.com\/index.php\/wp-json\/wp\/v2\/users\/96739694"}],"replies":[{"embeddable":true,"href":"https:\/\/cdnoticias.com\/index.php\/wp-json\/wp\/v2\/comments?post=138926"}],"version-history":[{"count":0,"href":"https:\/\/cdnoticias.com\/index.php\/wp-json\/wp\/v2\/posts\/138926\/revisions"}],"wp:featuredmedia":[{"embeddable":true,"href":"https:\/\/cdnoticias.com\/index.php\/wp-json\/wp\/v2\/media\/152405"}],"wp:attachment":[{"href":"https:\/\/cdnoticias.com\/index.php\/wp-json\/wp\/v2\/media?parent=138926"}],"wp:term":[{"taxonomy":"category","embeddable":true,"href":"https:\/\/cdnoticias.com\/index.php\/wp-json\/wp\/v2\/categories?post=138926"},{"taxonomy":"post_tag","embeddable":true,"href":"https:\/\/cdnoticias.com\/index.php\/wp-json\/wp\/v2\/tags?post=138926"}],"curies":[{"name":"wp","href":"https:\/\/api.w.org\/{rel}","templated":true}]}}