{"id":138907,"date":"2023-01-13T20:35:27","date_gmt":"2023-01-13T23:35:27","guid":{"rendered":"http:\/\/centraldeportes.com.ar\/?p=29222"},"modified":"2025-02-11T13:19:17","modified_gmt":"2025-02-11T16:19:17","slug":"comenzo-la-temporada-de-aguas-abiertas","status":"publish","type":"post","link":"https:\/\/cdnoticias.com\/index.php\/2023\/01\/13\/comenzo-la-temporada-de-aguas-abiertas\/","title":{"rendered":"Comenz\u00f3 la temporada de Aguas Abiertas"},"content":{"rendered":"<p>Con un importante n\u00famero de nadadores de la ciudad y la zona, se disput\u00f3 ayer en el Balneario Municipal la primera fecha de la nueva temporada del cl\u00e1sico Torneo de Aguas Abiertas que organiza la Municipalidad de Azul.<\/p>\n<p><!--more--><\/p>\n<hr \/>\n<p>La jornada sirvi\u00f3 de cierre para un fin de semana con intensa actividad deportiva en el paseo de Avenida Urioste y Bidegain, ya que el s\u00e1bado se llevaron a cabo el Triatl\u00f3n Infantil organizado tambi\u00e9n por la comuna y el Triatl\u00f3n Sprint organizado por la FeBoTria.<\/p>\n<p>&nbsp;<\/p>\n<p>En la oportunidad, se realizaron pruebas de 150, 400, 800 y 1.600 metros, donde compitieron en total unos 70 atletas de Azul, Tandil, Rauch y Laprida, varios de ellos en m\u00e1s de una distancia.<\/p>\n<p>&nbsp;<\/p>\n<p>Cabe aclarar que los tiempos de cada participante se registran en clasificaciones por categor\u00edas seg\u00fan la edad, a fin de establecer los resultados al final del certamen y para estar incluido en estas tablas los nadadores deber\u00e1n contar con al menos dos participaciones.<\/p>\n<p>&nbsp;<\/p>\n<p>En este marco, los resultados de esta primera fecha fueron los siguientes:<\/p>\n<p>&nbsp;<\/p>\n<p>150 metros<\/p>\n<p>\u2013 1\u00aa Sasha Castiglione<\/p>\n<p>\u2013 2\u00ba Santiago Vivas<\/p>\n<p>\u2013 3\u00ba Thiago Lorea<\/p>\n<p>\u2013 4\u00ba I\u00f1aki Benav\u00eddez<\/p>\n<p>\u2013 5\u00aa Rosario Errobidart<\/p>\n<p>\u2013 6\u00ba Andr\u00e9s Rocamora<\/p>\n<p>\u2013 7\u00aa Emilia Errobidart<\/p>\n<p>\u2013 8\u00aa Amparo Errobidart<\/p>\n<p>&nbsp;<\/p>\n<p>400 metros<\/p>\n<p>\u2013 Nahuel Lorea: 4\u2019 58\u2019\u2019<\/p>\n<p>\u2013 Tiziano Crist\u00f3faro: 5\u2019 20\u2019\u2019<\/p>\n<p>\u2013 Francisco Fillol: 5\u2019 21\u2019\u2019<\/p>\n<p>\u2013 Andr\u00e9s Errobidart: 5\u2019 26\u2019\u2019<\/p>\n<p>\u2013 Ferm\u00edn Fittipaldi: 5\u2019 27\u2019\u2019<\/p>\n<p>\u2013 Sasha Castiglione: 5\u2019 49\u2019\u2019<\/p>\n<p>\u2013 Jos\u00e9 Bogliolo: 6\u2019 01\u2019\u2019<\/p>\n<p>\u2013 Pedro Duca: 6\u2019 16\u2019\u2019<\/p>\n<p>\u2013 Agust\u00edn Canalicchio: 6\u2019 18\u2019\u2019<\/p>\n<p>\u2013 Juli\u00e1n Galloso: 6\u2019 18\u2019\u2019<\/p>\n<p>\u2013 Vicente Bag\u00fa: 6\u2019 20\u2019\u2019<\/p>\n<p>\u2013 Santiago Schroh: 6\u2019 23\u2019\u2019<\/p>\n<p>\u2013 I\u00f1aki Benav\u00eddez: 6\u2019 25\u2019\u2019<\/p>\n<p>\u2013 Pablo Ramos: 6\u2019 30\u2019\u2019<\/p>\n<p>\u2013 Sebasti\u00e1n Ingratta: 6\u2019 31\u2019\u2019<\/p>\n<p>\u2013 Victoria Sarno: 6\u2019 32\u2019\u2019<\/p>\n<p>\u2013 Francisco Brown: 6\u2019 34\u2019\u2019<\/p>\n<p>\u2013 Marcelo Honorato: 6\u2019 34\u2019\u2019<\/p>\n<p>\u2013 Santiago Benav\u00eddez: 6\u2019 38\u2019\u2019<\/p>\n<p>\u2013 Dar\u00edo Ocanto: 6\u2019 40\u2019\u2019<\/p>\n<p>\u2013 Myriam Bertini: 7\u2019 20\u2019\u2019<\/p>\n<p>\u2013 Carolina Errobidart: 7\u2019 22\u2019\u2019<\/p>\n<p>\u2013 Tom\u00e1s Brown: 7\u2019 40\u2019\u2019<\/p>\n<p>\u2013 Rosario Errobidart: 7\u2019 51\u2019\u2019<\/p>\n<p>\u2013 Perlo Walder: 8\u2019 03\u2019\u2019<\/p>\n<p>\u2013 Marcos Castiglione: 8\u2019 05\u2019\u2019<\/p>\n<p>\u2013 Cecilia Wulff: 8\u2019 37\u2019\u2019<\/p>\n<p>\u2013 Juan Aguirre: 8\u2019 41\u2019\u2019<\/p>\n<p>\u2013 Jer\u00f3nimo Sarno: 8\u2019 42\u2019\u2019<\/p>\n<p>\u2013 Virginia Lefebvre: 9\u2019 18\u2019\u2019<\/p>\n<p>&nbsp;<\/p>\n<p>800 metros<\/p>\n<p>\u2013 Lucas Martini: 13\u2019 49\u2019\u2019<\/p>\n<p>\u2013 Bruno \u00c1lvarez: 13\u2019 51\u2019\u2019<\/p>\n<p>\u2013 Ayrton Rold\u00e1n: 13\u2019 53\u2019\u2019<\/p>\n<p>\u2013 Andr\u00e9s Errobidart: 14\u2019 55\u2019\u2019<\/p>\n<p>\u2013 Francisco Fillol: 15\u2019 08\u2019\u2019<\/p>\n<p>\u2013 Sasha Castiglione: 15\u2019 20\u2019\u2019<\/p>\n<p>\u2013 Jos\u00e9 Bogliolo: 15\u2019 55\u2019\u2019<\/p>\n<p>\u2013 Jos\u00e9 Gentile: 16\u2019 00\u2019\u2019<\/p>\n<p>\u2013 Santiago Vivas: 16\u2019 09\u2019\u2019<\/p>\n<p>\u2013 Agust\u00edn Civale: 16\u2019 11\u2019\u2019<\/p>\n<p>\u2013 Carlos Rold\u00e1n: 16\u2019 47\u2019\u2019<\/p>\n<p>\u2013 Gerardo Rodr\u00edguez: 16\u2019 51\u2019\u2019<\/p>\n<p>\u2013 Sebasti\u00e1n Ingratta: 17\u2019 17\u2019\u2019<\/p>\n<p>\u2013 Juli\u00e1n Galloso: 17\u2019 17\u2019\u2019<\/p>\n<p>\u2013 Franco Moyano: 17\u2019 23\u2019\u2019<\/p>\n<p>\u2013 Pedro Duca: 17\u2019 27\u2019\u2019<\/p>\n<p>\u2013 Agust\u00edn Canalicchio: 17\u2019 30\u2019\u2019<\/p>\n<p>\u2013 Gonzalo Ballarena: 17\u2019 38\u2019\u2019<\/p>\n<p>\u2013 Victoria Sarno: 17\u2019 43\u2019\u2019<\/p>\n<p>\u2013 Pablo Ramos: 17\u2019 54\u2019\u2019<\/p>\n<p>\u2013 Francisco Brown: 18\u2019 20\u2019\u2019<\/p>\n<p>\u2013 Sebasti\u00e1n Dietrich: 18\u2019 44\u2019\u2019<\/p>\n<p>\u2013 Santiago Schroh: 18\u2019 51\u2019\u2019<\/p>\n<p>\u2013 M. Cecilia Garrido: 19\u2019 37\u2019\u2019<\/p>\n<p>\u2013 Julio Moyano: 19\u2019 42\u2019\u2019<\/p>\n<p>\u2013 David Gramundo: 20\u2019 21\u2019\u2019<\/p>\n<p>\u2013 Andr\u00e9s Rocamora: 21\u2019 10\u2019\u2019<\/p>\n<p>\u2013 Santiago Zaffora: 21\u2019 13\u2019\u2019<\/p>\n<p>\u2013 Francisco Yanies: 21\u2019 31\u2019\u2019<\/p>\n<p>\u2013 Nicol\u00e1s Ronconi: 21\u2019 43\u2019\u2019<\/p>\n<p>\u2013 Diego S\u00e1nchez: 23\u2019 25\u2019\u2019<\/p>\n<p>\u2013 M. Jes\u00fas Schwerdt: 23\u2019 38\u2019\u2019<\/p>\n<p>\u2013 Carlos Aguirre: 26\u2019 45\u2019\u2019<\/p>\n<p>\u2013 Valeria Medina: 28\u2019 40\u2019\u2019<\/p>\n<p>&nbsp;<\/p>\n<p>1600 metros<\/p>\n<p>\u2013 Lucas Martini: 26\u2019 54\u2019\u2019<\/p>\n<p>\u2013 Francisco D\u00edaz: 27\u2019 21\u2019\u2019<\/p>\n<p>\u2013 Francisco Fillol: 27\u2019 41\u2019\u2019<\/p>\n<p>\u2013 Lucas Bungarat: 28\u2019 59\u2019\u2019<\/p>\n<p>\u2013 Andr\u00e9s Errobidart: 30\u2019 25\u2019\u2019<\/p>\n<p>\u2013 Luciano Tocco: 31\u2019 39\u2019\u2019<\/p>\n<p>\u2013 Juan Pablo Adami: 32\u2019 02\u2019\u2019<\/p>\n<p>\u2013 Jos\u00e9 Gentile: 32\u2019 26\u2019\u2019<\/p>\n<p>\u2013 Pedro Duca: 33\u2019 02\u2019\u2019<\/p>\n<p>\u2013 Sebasti\u00e1n Ingratta: 33\u2019 12\u2019\u2019<\/p>\n<p>\u2013 Juli\u00e1n Galloso: 33\u2019 32\u2019\u2019<\/p>\n<p>\u2013 Agust\u00edn Canalicchio: 33\u2019 37\u2019\u2019<\/p>\n<p>\u2013 Gonzalo Ballarena: 34\u2019 40\u2019\u2019<\/p>\n<p>\u2013 Silvia Ayala: 35\u2019 35\u2019\u2019<\/p>\n<p>\u2013 Francisco Brown: 38\u2019 30\u2019\u2019<\/p>\n<p>\u2013 David Gramundo: 38\u2019 32\u2019\u2019<\/p>\n<p>\u2013 Pablo Gim\u00e9nez: 39\u2019 11\u2019\u2019<\/p>\n<p>\u2013 Diego S\u00e1nchez: 43\u2019 57\u2019\u2019<\/p>\n<p>&nbsp;<\/p>\n<p>Por \u00faltimo, se informa que la pr\u00f3xima fecha del certamen ser\u00e1 este domingo 15, mientras que la tercera jornada, cierre de temporada y premiaci\u00f3n est\u00e1 programada para el 12 de febrero.<\/p>\n","protected":false},"excerpt":{"rendered":"<p>Con un importante n\u00famero de nadadores de la ciudad y la zona, se disput\u00f3 ayer en el Balneario Municipal la<\/p>\n","protected":false},"author":96739694,"featured_media":153790,"comment_status":"closed","ping_status":"closed","sticky":false,"template":"","format":"standard","meta":{"_jetpack_memberships_contains_paid_content":false,"footnotes":""},"categories":[30,1],"tags":[],"class_list":["post-138907","post","type-post","status-publish","format-standard","has-post-thumbnail","hentry","category-polideportivo","category-portada"],"jetpack_featured_media_url":"https:\/\/i0.wp.com\/cdnoticias.com\/wp-content\/uploads\/2023\/01\/Aguas-Abiertas-Fecha-1-1-1024x768.jpg?fit=1024%2C768&ssl=1","jetpack_sharing_enabled":true,"_links":{"self":[{"href":"https:\/\/cdnoticias.com\/index.php\/wp-json\/wp\/v2\/posts\/138907","targetHints":{"allow":["GET"]}}],"collection":[{"href":"https:\/\/cdnoticias.com\/index.php\/wp-json\/wp\/v2\/posts"}],"about":[{"href":"https:\/\/cdnoticias.com\/index.php\/wp-json\/wp\/v2\/types\/post"}],"author":[{"embeddable":true,"href":"https:\/\/cdnoticias.com\/index.php\/wp-json\/wp\/v2\/users\/96739694"}],"replies":[{"embeddable":true,"href":"https:\/\/cdnoticias.com\/index.php\/wp-json\/wp\/v2\/comments?post=138907"}],"version-history":[{"count":0,"href":"https:\/\/cdnoticias.com\/index.php\/wp-json\/wp\/v2\/posts\/138907\/revisions"}],"wp:featuredmedia":[{"embeddable":true,"href":"https:\/\/cdnoticias.com\/index.php\/wp-json\/wp\/v2\/media\/153790"}],"wp:attachment":[{"href":"https:\/\/cdnoticias.com\/index.php\/wp-json\/wp\/v2\/media?parent=138907"}],"wp:term":[{"taxonomy":"category","embeddable":true,"href":"https:\/\/cdnoticias.com\/index.php\/wp-json\/wp\/v2\/categories?post=138907"},{"taxonomy":"post_tag","embeddable":true,"href":"https:\/\/cdnoticias.com\/index.php\/wp-json\/wp\/v2\/tags?post=138907"}],"curies":[{"name":"wp","href":"https:\/\/api.w.org\/{rel}","templated":true}]}}