{"id":138905,"date":"2023-01-13T18:07:52","date_gmt":"2023-01-13T21:07:52","guid":{"rendered":"http:\/\/centraldeportes.com.ar\/?p=29211"},"modified":"2025-02-10T23:30:24","modified_gmt":"2025-02-11T02:30:24","slug":"dirigentes-de-la-liga-de-futbol-de-olavarria-se-reunieron-con-autoridades-municipales","status":"publish","type":"post","link":"https:\/\/cdnoticias.com\/index.php\/2023\/01\/13\/dirigentes-de-la-liga-de-futbol-de-olavarria-se-reunieron-con-autoridades-municipales\/","title":{"rendered":"Dirigentes de la Liga de F\u00fatbol de Olavarr\u00eda se reunieron con autoridades municipales"},"content":{"rendered":"<p>El intendente Ezequiel Galli recibi\u00f3 en la tarde del pasado jueves a los directivos de la LFO en el Sal\u00f3n Blanco de la Municipalidad.<!--more--><\/p>\n<hr \/>\n<p>La Comisi\u00f3n Directiva del organismo que regula el f\u00fatbol en nuestra ciudad se reuni\u00f3 en la tarde del pasado jueves con el <strong>Intendente Ezequiel Galli<\/strong> y dem\u00e1s autoridades municipales.<\/p>\n<p>&nbsp;<\/p>\n<p><strong>Participaron<\/strong> del encuentro el presidente de la Liga de F\u00fatbol de Olavarr\u00eda <strong>Pablo Palahy<\/strong>, el vicepresidente <strong>Javier Fr\u00edas<\/strong>, el tesorero <strong>Marcos Albano<\/strong> y el presidente del departamento de f\u00fatbol menor <strong>Jos\u00e9 Luis Vedellini<\/strong>. Adem\u00e1s de Galli, estuvieron <strong>Diego Robbiani<\/strong>, Secretario de Desarrollo y Calidad de Vida, el Subsecretario de Deportes <strong>Juan Agust\u00edn Galli<\/strong> y el Director de Gesti\u00f3n Deportivo <strong>Oscar Gonz\u00e1lez<\/strong> en representaci\u00f3n de la municipalidad.<\/p>\n<p>&nbsp;<\/p>\n<p>En la reuni\u00f3n se habl\u00f3 <a href=\"https:\/\/cdnoticias.com\/reunion-en-la-casa-madre-del-futbol-argentino\/\">sobre el encuentro<\/a> entre dirigentes liguistas con autoridades de la Asociaci\u00f3n del F\u00fatbol Argentino (AFA), se hizo un resumen de las actividades futbol\u00edsticas del 2022 y se pusieron en mesa los proyectos de la entidad deportiva para este nuevo a\u00f1o.<\/p>\n<p>&nbsp;<\/p>\n<p>Fuente y Foto: <strong>Agencia de Comunicaci\u00f3n de la Municipalidad de Olavarr\u00eda<\/strong>.<\/p>\n","protected":false},"excerpt":{"rendered":"<p>El intendente Ezequiel Galli recibi\u00f3 en la tarde del pasado jueves a los directivos de la LFO en el Sal\u00f3n<\/p>\n","protected":false},"author":96739694,"featured_media":153465,"comment_status":"closed","ping_status":"closed","sticky":false,"template":"","format":"standard","meta":{"_jetpack_memberships_contains_paid_content":false,"footnotes":""},"categories":[35,1,41],"tags":[],"class_list":["post-138905","post","type-post","status-publish","format-standard","has-post-thumbnail","hentry","category-futbol","category-portada","category-primera-y-reserva"],"jetpack_featured_media_url":"https:\/\/i0.wp.com\/cdnoticias.com\/wp-content\/uploads\/2023\/01\/Liga-de-F%C3%BAtbol-de-Olavarr%C3%ADa-2023.jpg?fit=1024%2C685&ssl=1","jetpack_sharing_enabled":true,"_links":{"self":[{"href":"https:\/\/cdnoticias.com\/index.php\/wp-json\/wp\/v2\/posts\/138905","targetHints":{"allow":["GET"]}}],"collection":[{"href":"https:\/\/cdnoticias.com\/index.php\/wp-json\/wp\/v2\/posts"}],"about":[{"href":"https:\/\/cdnoticias.com\/index.php\/wp-json\/wp\/v2\/types\/post"}],"author":[{"embeddable":true,"href":"https:\/\/cdnoticias.com\/index.php\/wp-json\/wp\/v2\/users\/96739694"}],"replies":[{"embeddable":true,"href":"https:\/\/cdnoticias.com\/index.php\/wp-json\/wp\/v2\/comments?post=138905"}],"version-history":[{"count":0,"href":"https:\/\/cdnoticias.com\/index.php\/wp-json\/wp\/v2\/posts\/138905\/revisions"}],"wp:featuredmedia":[{"embeddable":true,"href":"https:\/\/cdnoticias.com\/index.php\/wp-json\/wp\/v2\/media\/153465"}],"wp:attachment":[{"href":"https:\/\/cdnoticias.com\/index.php\/wp-json\/wp\/v2\/media?parent=138905"}],"wp:term":[{"taxonomy":"category","embeddable":true,"href":"https:\/\/cdnoticias.com\/index.php\/wp-json\/wp\/v2\/categories?post=138905"},{"taxonomy":"post_tag","embeddable":true,"href":"https:\/\/cdnoticias.com\/index.php\/wp-json\/wp\/v2\/tags?post=138905"}],"curies":[{"name":"wp","href":"https:\/\/api.w.org\/{rel}","templated":true}]}}