{"id":138893,"date":"2023-01-11T18:28:21","date_gmt":"2023-01-11T21:28:21","guid":{"rendered":"http:\/\/centraldeportes.com.ar\/?p=29159"},"modified":"2025-02-10T20:56:56","modified_gmt":"2025-02-10T23:56:56","slug":"se-corrio-el-rural-bike-el-paraiso-hubo-presencia-local","status":"publish","type":"post","link":"https:\/\/cdnoticias.com\/index.php\/2023\/01\/11\/se-corrio-el-rural-bike-el-paraiso-hubo-presencia-local\/","title":{"rendered":"Se corri\u00f3 el Rural Bike \u201cEl Paraiso\u201d: hubo presencia local"},"content":{"rendered":"<p>Organizado por el Gobierno Municipal de Laprida y con la presencia de cientos de ciclistas se llev\u00f3 a cabo el Rural Bike \u201cEl Para\u00edso\u201d y los olavarrienses no se perdieron la competencia. Hubo podios.<\/p>\n<p><!--more--><\/p>\n<hr \/>\n<p>Mat\u00edas Adri\u00e1n Pollio de Punta Alta y Bel\u00e9n Pereyra de Benito Ju\u00e1rez fueron los ganadores de esta nueva edici\u00f3n del Rural Bike \u201cEl Para\u00edso\u201d que convoc\u00f3 a casi a un centenar de competidores para dos categor\u00edas.<\/p>\n<p>&nbsp;<\/p>\n<p>El recorrido ten\u00eda trazados por caminos rurales, en un circuito que propuso grandes desaf\u00edos a cada uno de las y los competidores y cont\u00f3 con la presencia de p\u00fablico que alent\u00f3 a cada uno de los ciclistas de Olavarr\u00eda, Benito Ju\u00e1rez, Punta Alta, Pringles, Cachari, Sierras Bayas, Juan N. Fern\u00e1ndez, Azul, La Madrid, Tandil, Tres Arroyos y los locales.<\/p>\n<p>&nbsp;<\/p>\n<p><img data-recalc-dims=\"1\" loading=\"lazy\" decoding=\"async\" class=\"aligncenter size-full wp-image-29160\" src=\"https:\/\/i0.wp.com\/centraldeportes.com.ar\/wp-content\/uploads\/2023\/01\/WhatsApp-Image-2023-01-11-at-18.10.01.jpeg?resize=800%2C600\" alt=\"\" width=\"800\" height=\"600\" \/><\/p>\n<p>&nbsp;<\/p>\n<p>Los resultados:<\/p>\n<p><strong>Prueba competitiva 50K clasificaci\u00f3n general:<\/strong><\/p>\n<p>1\u00ba Mat\u00edas Adri\u00e1n Pollio (Punta Alta)<br \/>\n2\u00ba Guillermo Erro (Pringles)<br \/>\n3\u00aa Santiago Adri\u00e1n (Laprida)<br \/>\n4\u00ba Cristian Luis Saldias (Pringles)<br \/>\n5\u00ba Dar\u00edo Mart\u00ednez (Pringles)<br \/>\n6\u00ba Luciano Bascur (Laprida)<br \/>\n7\u00ba Diego Vales (Olavarr\u00eda)<br \/>\n8\u00ba H\u00e9ctor Casaburi (Cachari)<br \/>\n9\u00ba Cristian Jes\u00fas (Punta Alta)<br \/>\n10\u00ba Agust\u00edn Ezequiel Fern\u00e1ndez (Sierras Bayas)<\/p>\n<p>&nbsp;<\/p>\n<p><strong>Prueba competitiva 50K por categor\u00edas:<\/strong><\/p>\n<p>&nbsp;<\/p>\n<p><strong>Varones de 20 a 29 a\u00f1os<\/strong><\/p>\n<p>1\u00b0 Mat\u00edas Adri\u00e1n Pollio (Punta Alta)<br \/>\n2\u00b0 Luciano Bascur (Laprida)<br \/>\n3\u00b0 Alexis Bascur (Laprida)<\/p>\n<p>&nbsp;<\/p>\n<p><strong>Varones de 30 a 34 a\u00f1os<\/strong><\/p>\n<p>1\u00b0 Agust\u00edn Ezequiel Fern\u00e1ndez (Sierras Bayas)<br \/>\n2\u00b0 Fernando Soragni (Olavarr\u00eda)<br \/>\n3\u00b0 Hugo Ra\u00fal Picart Moriames (Olavarr\u00eda)<\/p>\n<p>&nbsp;<\/p>\n<p><strong>Varones 35 a 39 a\u00f1os<\/strong><\/p>\n<p>1\u00b0 Guillermo Erro (Pringles)<br \/>\n2\u00b0 Cristi\u00e1n Lu\u00eds Saldias (Pringles)<br \/>\n3\u00b0 Diego Vales (Olavarr\u00eda)<\/p>\n<p>&nbsp;<\/p>\n<p><strong>Varones de 45 a 49 a\u00f1os<\/strong><\/p>\n<p>1\u00b0 Santiago Adri\u00e1n (Laprida)<br \/>\n2\u00b0 Dar\u00edo Mart\u00ednez (Pringles)<br \/>\n3\u00b0 Miguel \u00c1lvarez (Azul)<\/p>\n<p>&nbsp;<\/p>\n<p><strong>Varones de 50 a 54 a\u00f1os<\/strong><\/p>\n<p>1\u00b0 H\u00e9ctor Casaburi (Cachari)<br \/>\n2\u00b0 Javier Elbey (Cachari)<br \/>\n3\u00b0 Javier Rojo (La Madrid)<\/p>\n<p>&nbsp;<\/p>\n<p><strong>Varones de 55 a 59 a\u00f1os<\/strong><\/p>\n<p>1\u00b0 Gustavo Campomenosi (Olavarr\u00eda)<br \/>\n2\u00b0 Ramiro Lago<br \/>\n3\u00b0 Carlos Zabala (Laprida)<\/p>\n<p>&nbsp;<\/p>\n<p><strong>Varones de 60 a\u00f1os en adelante<\/strong><\/p>\n<p>1\u00b0 Jos\u00e9 Cardoso (Olavarr\u00eda)<br \/>\n2\u00b0 \u00c1ngel Ram\u00edrez (Tres Arroyos)<\/p>\n<p>&nbsp;<\/p>\n<p><strong>Damas de 30 a 34 a\u00f1os<\/strong><br \/>\n1\u00b0 Bel\u00e9n Pereyra (Ju\u00e1rez)<br \/>\n2\u00b0 Fernanda Conde (Azul)<\/p>\n<p>&nbsp;<\/p>\n<p><strong>Hombres Promocional 25K General:<\/strong><\/p>\n<p>1\u00b0 Marcos Salias (Olavarr\u00eda)<br \/>\n2\u00b0 Bernardo Carrizo<br \/>\n3\u00b0 \u00c1ngel Breit (Laprida)<br \/>\n4\u00b0 Carlos Ariel Safraider (Laprida)<br \/>\n5\u00b0 Guillermo Schwindt (Cnel. Su\u00e1rez)<br \/>\n6\u00b0 Gerardo D\u00edaz (Laprida)<br \/>\n7\u00ba Walter Caballero (Olavarr\u00eda)<\/p>\n<p>&nbsp;<\/p>\n<p><strong>Damas Promocional 25K General:<\/strong><\/p>\n<p>1\u00b0 Alejandra Molina (Laprida)<br \/>\n2\u00b0 Melisa P\u00e9rez (Olavarr\u00eda)<br \/>\n3\u00b0 Mar\u00eda De los \u00c1ngeles (Olavarr\u00eda)<br \/>\n4\u00ba Adriana Rosa Miguel (Olavarr\u00eda)<br \/>\n5\u00ba Ana Mar\u00eda Serra (Ju\u00e1rez)<\/p>\n","protected":false},"excerpt":{"rendered":"<p>Organizado por el Gobierno Municipal de Laprida y con la presencia de cientos de ciclistas se llev\u00f3 a cabo el<\/p>\n","protected":false},"author":96739694,"featured_media":151774,"comment_status":"closed","ping_status":"closed","sticky":false,"template":"","format":"standard","meta":{"_jetpack_memberships_contains_paid_content":false,"footnotes":""},"categories":[30,1],"tags":[],"class_list":["post-138893","post","type-post","status-publish","format-standard","has-post-thumbnail","hentry","category-polideportivo","category-portada"],"jetpack_featured_media_url":"https:\/\/i0.wp.com\/cdnoticias.com\/wp-content\/uploads\/2023\/01\/WhatsApp-Image-2023-01-11-at-18.10.00.jpeg?fit=1280%2C960&ssl=1","jetpack_sharing_enabled":true,"_links":{"self":[{"href":"https:\/\/cdnoticias.com\/index.php\/wp-json\/wp\/v2\/posts\/138893","targetHints":{"allow":["GET"]}}],"collection":[{"href":"https:\/\/cdnoticias.com\/index.php\/wp-json\/wp\/v2\/posts"}],"about":[{"href":"https:\/\/cdnoticias.com\/index.php\/wp-json\/wp\/v2\/types\/post"}],"author":[{"embeddable":true,"href":"https:\/\/cdnoticias.com\/index.php\/wp-json\/wp\/v2\/users\/96739694"}],"replies":[{"embeddable":true,"href":"https:\/\/cdnoticias.com\/index.php\/wp-json\/wp\/v2\/comments?post=138893"}],"version-history":[{"count":0,"href":"https:\/\/cdnoticias.com\/index.php\/wp-json\/wp\/v2\/posts\/138893\/revisions"}],"wp:featuredmedia":[{"embeddable":true,"href":"https:\/\/cdnoticias.com\/index.php\/wp-json\/wp\/v2\/media\/151774"}],"wp:attachment":[{"href":"https:\/\/cdnoticias.com\/index.php\/wp-json\/wp\/v2\/media?parent=138893"}],"wp:term":[{"taxonomy":"category","embeddable":true,"href":"https:\/\/cdnoticias.com\/index.php\/wp-json\/wp\/v2\/categories?post=138893"},{"taxonomy":"post_tag","embeddable":true,"href":"https:\/\/cdnoticias.com\/index.php\/wp-json\/wp\/v2\/tags?post=138893"}],"curies":[{"name":"wp","href":"https:\/\/api.w.org\/{rel}","templated":true}]}}