{"id":138892,"date":"2023-01-11T18:02:19","date_gmt":"2023-01-11T21:02:19","guid":{"rendered":"http:\/\/centraldeportes.com.ar\/?p=29157"},"modified":"2025-02-10T20:57:00","modified_gmt":"2025-02-10T23:57:00","slug":"olavarrienses-corrieron-el-gran-premio-dia-del-empleados-de-comercio","status":"publish","type":"post","link":"https:\/\/cdnoticias.com\/index.php\/2023\/01\/11\/olavarrienses-corrieron-el-gran-premio-dia-del-empleados-de-comercio\/","title":{"rendered":"Olavarrienses corrieron el Gran Premio &#8220;D\u00eda del Empleados de Comercio&#8221;"},"content":{"rendered":"<p>El pasado jueves en Azul se llev\u00f3 a cabo el Gran Premio &#8220;D\u00eda del Empleados de Comercio&#8221; que organiz\u00f3 el Club Ciclista Azule\u00f1o y entre los representantes olavarrienses hubo podios.<!--more--><\/p>\n<hr \/>\n<p>La competencia llevada a cabo en el \u00f3valo municipal ubicado a metros de la Ruta N\u00b051 consagr\u00f3 a Sergio Fredes de Ranchos y a Charo Posse de Olavarr\u00eda en las competencias principales.<\/p>\n<p>&nbsp;<\/p>\n<p>Adem\u00e1s, Facundo Las Heras se qued\u00f3 con el triunfo en Aficionados Menores de 40 a\u00f1os.<\/p>\n<p>&nbsp;<\/p>\n<p>Los resultados:<\/p>\n<p>Aficionados Mayores de 40 a\u00f1os<\/p>\n<p>1\u00b0 Antonio Maya (San Juan)<\/p>\n<p>2\u00b0 Juan Avenda\u00f1o (Olavarr\u00eda)<\/p>\n<p>3\u00b0 Sergio Sequeira (Azul)<\/p>\n<p>4\u00b0 Jorge Maldonado (Olavarr\u00eda)<\/p>\n<p>5\u00b0 Sebasti\u00e1n M\u00e1rquez (Azul)<\/p>\n<p>&nbsp;<\/p>\n<p>Aficionados Menores de 40 a\u00f1os<\/p>\n<p>1\u00b0 Facundo Las Heras (Olavarr\u00eda)<\/p>\n<p>2\u00b0 Iv\u00e1n \u00c1lvarez (Azul)<\/p>\n<p>3\u00b0 Nicol\u00e1s Etchepare (Azul)<\/p>\n<p>4\u00b0 Mariano Almada (Olavarr\u00eda)<\/p>\n<p>5\u00b0 El\u00edas P\u00e9rez (Azul)<\/p>\n<p>&nbsp;<\/p>\n<p>Damas<\/p>\n<p>1\u00b0 Charo Posee (Olavarr\u00eda)<\/p>\n<p>2\u00b0 Tania Ponce de Le\u00f3n (Tapalqu\u00e9)<\/p>\n<p>3\u00b0 Ludmila Posse (Olavarr\u00eda)<\/p>\n<p>4\u00b0 Selva Pagano (Rauch)<\/p>\n<p>5\u00b0 Fiamma Abrisqueta (Olavarr\u00eda)<\/p>\n<p>&nbsp;<\/p>\n<p>M\u00e1ster D<\/p>\n<p>1\u00b0 David Yong (Chascom\u00fas)<\/p>\n<p>2\u00b0 Francisco Posse (Olavarr\u00eda)<\/p>\n<p>3\u00b0 Miguel Bidondo (25 de Mayo)<\/p>\n<p>4\u00b0 Gustavo Tobal (Lober\u00eda)<\/p>\n<p>5\u00b0 Miguel D\u00edaz (Alvear)<\/p>\n<p>6\u00b0 Gustavo Alborzen (Chascom\u00fas)<\/p>\n<p>7\u00b0 Jos\u00e9 Menchi (Olavarr\u00eda)<\/p>\n<p>&nbsp;<\/p>\n<p>M\u00e1ster E<\/p>\n<p>1\u00b0 N\u00e9stor Cerrudo (Azul)<\/p>\n<p>2\u00b0 H\u00e9ctor Varguero (Lomas de Zamora)<\/p>\n<p>3\u00b0 Oscar Oron\u00f3 (Santa Clara)<\/p>\n<p>&nbsp;<\/p>\n<p>M\u00e1ster C<\/p>\n<p>1\u00b0 Gustavo D\u00edaz (Mar del Plata)<\/p>\n<p>2\u00b0 Fabi\u00e1n Amoz (Ayacucho)<\/p>\n<p>3\u00b0 Gustavo Ulloque (Tapalqu\u00e9)<\/p>\n<p>4\u00b0 Walter Benito (Olavarr\u00eda)<\/p>\n<p>5\u00b0 Miguel Vargas (Ayacucho)<\/p>\n<p>&nbsp;<\/p>\n<p>M\u00e1ster B<\/p>\n<p>1\u00b0 Claudio Flores (Tres Arroyos)<\/p>\n<p>2\u00b0 Flavio Barbosa (Mar del Plata)<\/p>\n<p>3\u00b0 Jorge Adri\u00e1n Sosa (Lober\u00eda)<\/p>\n<p>&nbsp;<\/p>\n<p>Elite I &#8211; II<\/p>\n<p>1\u00b0 Sergio Fredes (Ranchos)<\/p>\n<p>2\u00b0 Federico Vivas (Saladillo)<\/p>\n<p>3\u00b0 Maximiliano Almaraz (Pinamar)<\/p>\n<p>&nbsp;<\/p>\n<p>M\u00e1ster A \u2013 Juniors<\/p>\n<p>1\u00b0 Maximiliano Almaraz (Pinamar)<\/p>\n<p>2\u00b0 Federico Coceres (Ranchos)<\/p>\n<p>3\u00b0 Jonathan Moyano (Otamendi)<\/p>\n<p>4\u00b0 Emilio Spinella (Olavarr\u00eda)<\/p>\n<p>5\u00b0 Iv\u00e1n Crowley (Las Flores).<\/p>\n<p>&nbsp;<\/p>\n","protected":false},"excerpt":{"rendered":"<p>El pasado jueves en Azul se llev\u00f3 a cabo el Gran Premio &#8220;D\u00eda del Empleados de Comercio&#8221; que organiz\u00f3 el<\/p>\n","protected":false},"author":96739694,"featured_media":143334,"comment_status":"closed","ping_status":"closed","sticky":false,"template":"","format":"standard","meta":{"_jetpack_memberships_contains_paid_content":false,"footnotes":""},"categories":[30,1],"tags":[],"class_list":["post-138892","post","type-post","status-publish","format-standard","has-post-thumbnail","hentry","category-polideportivo","category-portada"],"jetpack_featured_media_url":"https:\/\/i0.wp.com\/cdnoticias.com\/wp-content\/uploads\/2021\/08\/235902168_2988106194782464_974730257505329175_n-e1629335641287.jpg?fit=770%2C500&ssl=1","jetpack_sharing_enabled":true,"_links":{"self":[{"href":"https:\/\/cdnoticias.com\/index.php\/wp-json\/wp\/v2\/posts\/138892","targetHints":{"allow":["GET"]}}],"collection":[{"href":"https:\/\/cdnoticias.com\/index.php\/wp-json\/wp\/v2\/posts"}],"about":[{"href":"https:\/\/cdnoticias.com\/index.php\/wp-json\/wp\/v2\/types\/post"}],"author":[{"embeddable":true,"href":"https:\/\/cdnoticias.com\/index.php\/wp-json\/wp\/v2\/users\/96739694"}],"replies":[{"embeddable":true,"href":"https:\/\/cdnoticias.com\/index.php\/wp-json\/wp\/v2\/comments?post=138892"}],"version-history":[{"count":0,"href":"https:\/\/cdnoticias.com\/index.php\/wp-json\/wp\/v2\/posts\/138892\/revisions"}],"wp:featuredmedia":[{"embeddable":true,"href":"https:\/\/cdnoticias.com\/index.php\/wp-json\/wp\/v2\/media\/143334"}],"wp:attachment":[{"href":"https:\/\/cdnoticias.com\/index.php\/wp-json\/wp\/v2\/media?parent=138892"}],"wp:term":[{"taxonomy":"category","embeddable":true,"href":"https:\/\/cdnoticias.com\/index.php\/wp-json\/wp\/v2\/categories?post=138892"},{"taxonomy":"post_tag","embeddable":true,"href":"https:\/\/cdnoticias.com\/index.php\/wp-json\/wp\/v2\/tags?post=138892"}],"curies":[{"name":"wp","href":"https:\/\/api.w.org\/{rel}","templated":true}]}}