{"id":13889,"date":"2021-02-16T20:01:07","date_gmt":"2021-02-16T23:01:07","guid":{"rendered":"http:\/\/www.centraldenoticias.com.ar\/?p=13889"},"modified":"2021-02-16T20:10:06","modified_gmt":"2021-02-16T23:10:06","slug":"tragico-vuelco-cerca-de-bella-vista-una-mujer-fallecio-y-un-hombre-resulto-herido","status":"publish","type":"post","link":"https:\/\/cdnoticias.com\/index.php\/2021\/02\/16\/tragico-vuelco-cerca-de-bella-vista-una-mujer-fallecio-y-un-hombre-resulto-herido\/","title":{"rendered":"Tr\u00e1gico vuelco cerca de Bella Vista: una mujer falleci\u00f3 y un hombre result\u00f3 herido \u00a0"},"content":{"rendered":"<p>Ocurri\u00f3 este martes en el kil\u00f3metro 284 de ruta 226. Los ocupantes de un Fiat Mobi se trasladaban en direcci\u00f3n Olavarr\u00eda &#8211; Azul. La mujer de unos 63 a\u00f1os falleci\u00f3 en el acto, mientras que el hombre fue ingresado de urgencia al Hospital Municipal.\u00a0<!--more--><\/p>\n<hr \/>\n<p>Este martes por la tarde se produjo un <strong>violento siniestro vial en el kil\u00f3metro 284 de la ruta nacional 226<\/strong>, m\u00e1s precisamente en cercan\u00edas del paraje Bella Vista, pasando unos 2 kil\u00f3metros el ingreso a Sierras Bayas.<\/p>\n<p>&nbsp;<\/p>\n<p>Seg\u00fan se supo en primera instancia y por causas que se tratan de establecer, <strong>un auto en el que se movilizaba una pareja, se despist\u00f3 y volc\u00f3.<\/strong><\/p>\n<p>&nbsp;<\/p>\n<p>Se trata de un <strong>Fiat Mobi que se trasladaba en direcci\u00f3n Olavarr\u00eda &#8211; Azul<\/strong> y cuyos ocupantes ser\u00edan oriundos del conurbano bonaerense.<\/p>\n<p>&nbsp;<\/p>\n<p><img data-recalc-dims=\"1\" loading=\"lazy\" decoding=\"async\" class=\"alignnone size-full wp-image-13895\" src=\"https:\/\/i0.wp.com\/cdnoticias.com\/wp-content\/uploads\/2021\/02\/accidente226-02.jpg?resize=800%2C600&#038;ssl=1\" alt=\"\" width=\"800\" height=\"600\" srcset=\"https:\/\/i0.wp.com\/cdnoticias.com\/wp-content\/uploads\/2021\/02\/accidente226-02.jpg?w=1152&amp;ssl=1 1152w, https:\/\/i0.wp.com\/cdnoticias.com\/wp-content\/uploads\/2021\/02\/accidente226-02.jpg?resize=300%2C225&amp;ssl=1 300w, https:\/\/i0.wp.com\/cdnoticias.com\/wp-content\/uploads\/2021\/02\/accidente226-02.jpg?resize=768%2C576&amp;ssl=1 768w, https:\/\/i0.wp.com\/cdnoticias.com\/wp-content\/uploads\/2021\/02\/accidente226-02.jpg?resize=1024%2C768&amp;ssl=1 1024w\" sizes=\"auto, (max-width: 800px) 100vw, 800px\" \/><\/p>\n<p>&nbsp;<\/p>\n<p>R\u00e1pidamente personal de salud concurri\u00f3 al lugar para asistir a los heridos. <strong>Lamentablemente la mujer (63) falleci\u00f3 en el acto y el hombre (67) ingres\u00f3 al Hospital Municipal \u201cDr. H\u00e9ctor Cura\u201d con politraumatismos de consideraci\u00f3n.\u00a0<\/strong><\/p>\n<p>&nbsp;<\/p>\n<p><img data-recalc-dims=\"1\" loading=\"lazy\" decoding=\"async\" class=\"alignnone size-full wp-image-13897\" src=\"https:\/\/i0.wp.com\/cdnoticias.com\/wp-content\/uploads\/2021\/02\/accidente226-03.jpg?resize=800%2C600&#038;ssl=1\" alt=\"\" width=\"800\" height=\"600\" srcset=\"https:\/\/i0.wp.com\/cdnoticias.com\/wp-content\/uploads\/2021\/02\/accidente226-03.jpg?w=1152&amp;ssl=1 1152w, https:\/\/i0.wp.com\/cdnoticias.com\/wp-content\/uploads\/2021\/02\/accidente226-03.jpg?resize=300%2C225&amp;ssl=1 300w, https:\/\/i0.wp.com\/cdnoticias.com\/wp-content\/uploads\/2021\/02\/accidente226-03.jpg?resize=768%2C576&amp;ssl=1 768w, https:\/\/i0.wp.com\/cdnoticias.com\/wp-content\/uploads\/2021\/02\/accidente226-03.jpg?resize=1024%2C768&amp;ssl=1 1024w\" sizes=\"auto, (max-width: 800px) 100vw, 800px\" \/><\/p>\n<p>&nbsp;<\/p>\n<p>Trabaja en el lugar, personal de Polic\u00eda Cient\u00edfica y Fiscal\u00eda realizando las tareas de rigor en este tipo de accidentes. Adem\u00e1s, efectivos policiales de Hinojo colaboran en el ordenamiento del tr\u00e1nsito y en la preservaci\u00f3n de la escena.<\/p>\n<p>&nbsp;<\/p>\n<p>La causa est\u00e1 caratulada como &#8220;homicidio culposo\u00a0 &#8211; lesiones por accidente&#8221; con intervenci\u00f3n de la UFI N\u00ba 4 de Olavarr\u00eda.<\/p>\n","protected":false},"excerpt":{"rendered":"<p>Ocurri\u00f3 este martes en el kil\u00f3metro 284 de ruta 226. Los ocupantes de un Fiat Mobi se trasladaban en direcci\u00f3n<\/p>\n","protected":false},"author":5,"featured_media":13893,"comment_status":"closed","ping_status":"closed","sticky":false,"template":"","format":"standard","meta":{"_jetpack_memberships_contains_paid_content":false,"footnotes":""},"categories":[14,1],"tags":[],"class_list":["post-13889","post","type-post","status-publish","format-standard","has-post-thumbnail","hentry","category-policiales","category-portada"],"jetpack_featured_media_url":"https:\/\/i0.wp.com\/cdnoticias.com\/wp-content\/uploads\/2021\/02\/accidente226-01.jpg?fit=1152%2C864&ssl=1","jetpack_sharing_enabled":true,"_links":{"self":[{"href":"https:\/\/cdnoticias.com\/index.php\/wp-json\/wp\/v2\/posts\/13889","targetHints":{"allow":["GET"]}}],"collection":[{"href":"https:\/\/cdnoticias.com\/index.php\/wp-json\/wp\/v2\/posts"}],"about":[{"href":"https:\/\/cdnoticias.com\/index.php\/wp-json\/wp\/v2\/types\/post"}],"author":[{"embeddable":true,"href":"https:\/\/cdnoticias.com\/index.php\/wp-json\/wp\/v2\/users\/5"}],"replies":[{"embeddable":true,"href":"https:\/\/cdnoticias.com\/index.php\/wp-json\/wp\/v2\/comments?post=13889"}],"version-history":[{"count":0,"href":"https:\/\/cdnoticias.com\/index.php\/wp-json\/wp\/v2\/posts\/13889\/revisions"}],"wp:featuredmedia":[{"embeddable":true,"href":"https:\/\/cdnoticias.com\/index.php\/wp-json\/wp\/v2\/media\/13893"}],"wp:attachment":[{"href":"https:\/\/cdnoticias.com\/index.php\/wp-json\/wp\/v2\/media?parent=13889"}],"wp:term":[{"taxonomy":"category","embeddable":true,"href":"https:\/\/cdnoticias.com\/index.php\/wp-json\/wp\/v2\/categories?post=13889"},{"taxonomy":"post_tag","embeddable":true,"href":"https:\/\/cdnoticias.com\/index.php\/wp-json\/wp\/v2\/tags?post=13889"}],"curies":[{"name":"wp","href":"https:\/\/api.w.org\/{rel}","templated":true}]}}