{"id":138885,"date":"2023-01-10T00:12:34","date_gmt":"2023-01-10T03:12:34","guid":{"rendered":"http:\/\/centraldeportes.com.ar\/?p=29118"},"modified":"2025-02-10T20:55:14","modified_gmt":"2025-02-10T23:55:14","slug":"arranco-el-torneo-comercial-con-victorias-para-los-poncheros-y-afrika","status":"publish","type":"post","link":"https:\/\/cdnoticias.com\/index.php\/2023\/01\/10\/arranco-el-torneo-comercial-con-victorias-para-los-poncheros-y-afrika\/","title":{"rendered":"Arranc\u00f3 el Torneo Comercial con victorias para Los Poncheros y \u00c1frika"},"content":{"rendered":"<p>En la noche del lunes comenz\u00f3 el Torneo Comercial organizado por el Club Pueblo Nuevo.<\/p>\n<p><!--more--><\/p>\n<hr \/>\n<p>El gimnasio Juan Manolio arranc\u00f3 la competencia estival que se extender\u00e1 hasta finales del mes de febrero.<\/p>\n<p>&nbsp;<\/p>\n<p>La jornada inaugural tuvo dos partidos de la Zona 1 y en el primer turno fue debut del \u201cLobo\u201d que enfrent\u00f3 a Los Poncheros. Fue triunfo visitante por 62 a 40.<\/p>\n<p>&nbsp;<\/p>\n<div class=\"tiled-gallery type-rectangular tiled-gallery-unresized\" data-original-width=\"800\" data-carousel-extra='null' itemscope itemtype=\"http:\/\/schema.org\/ImageGallery\" > <div class=\"gallery-row\" style=\"width: 800px; height: 1065px;\" data-original-width=\"800\" data-original-height=\"1065\" > <div class=\"gallery-group images-1\" style=\"width: 800px; height: 1065px;\" data-original-width=\"800\" data-original-height=\"1065\" > <div class=\"tiled-gallery-item tiled-gallery-item-large\" itemprop=\"associatedMedia\" itemscope itemtype=\"http:\/\/schema.org\/ImageObject\"> <a href=\"https:\/\/i0.wp.com\/cdnoticias.com\/wp-content\/uploads\/2021\/08\/WhatsApp-Image-2021-08-07-at-19.11.11.jpeg?ssl=1\" border=\"0\" itemprop=\"url\"> <meta itemprop=\"width\" content=\"796\"> <meta itemprop=\"height\" content=\"1061\"> <img decoding=\"async\" class=\"\" data-attachment-id=\"29120\" data-orig-file=\"https:\/\/cdnoticias.com\/wp-content\/uploads\/2021\/08\/WhatsApp-Image-2021-08-07-at-19.11.11.jpeg\" data-orig-size=\"1200,1600\" data-comments-opened=\"\" data-image-meta=\"{&quot;aperture&quot;:&quot;0&quot;,&quot;credit&quot;:&quot;&quot;,&quot;camera&quot;:&quot;&quot;,&quot;caption&quot;:&quot;&quot;,&quot;created_timestamp&quot;:&quot;0&quot;,&quot;copyright&quot;:&quot;&quot;,&quot;focal_length&quot;:&quot;0&quot;,&quot;iso&quot;:&quot;0&quot;,&quot;shutter_speed&quot;:&quot;0&quot;,&quot;title&quot;:&quot;&quot;,&quot;orientation&quot;:&quot;0&quot;}\" data-image-title=\"WhatsApp Image 2021-08-07 at 19.11.11\" data-image-description=\"\" data-medium-file=\"https:\/\/i0.wp.com\/cdnoticias.com\/wp-content\/uploads\/2021\/08\/WhatsApp-Image-2021-08-07-at-19.11.11.jpeg?fit=225%2C300&#038;ssl=1\" data-large-file=\"https:\/\/i0.wp.com\/cdnoticias.com\/wp-content\/uploads\/2021\/08\/WhatsApp-Image-2021-08-07-at-19.11.11.jpeg?fit=768%2C1024&#038;ssl=1\" src=\"https:\/\/i0.wp.com\/cdnoticias.com\/wp-content\/uploads\/2021\/08\/WhatsApp-Image-2021-08-07-at-19.11.11.jpeg?w=796&#038;h=1061&#038;ssl=1\" srcset=\"https:\/\/i0.wp.com\/cdnoticias.com\/wp-content\/uploads\/2021\/08\/WhatsApp-Image-2021-08-07-at-19.11.11.jpeg?w=1200&amp;ssl=1 1200w, https:\/\/i0.wp.com\/cdnoticias.com\/wp-content\/uploads\/2021\/08\/WhatsApp-Image-2021-08-07-at-19.11.11.jpeg?resize=225%2C300&amp;ssl=1 225w, https:\/\/i0.wp.com\/cdnoticias.com\/wp-content\/uploads\/2021\/08\/WhatsApp-Image-2021-08-07-at-19.11.11.jpeg?resize=768%2C1024&amp;ssl=1 768w\" width=\"796\" height=\"1061\" loading=\"lazy\" data-original-width=\"796\" data-original-height=\"1061\" itemprop=\"http:\/\/schema.org\/image\" title=\"WhatsApp Image 2021-08-07 at 19.11.11\" alt=\"WhatsApp Image 2021-08-07 at 19.11.11\" style=\"width: 796px; height: 1061px;\" \/> <\/a> <\/div> <\/div> <!-- close group --> <\/div> <!-- close row --> <\/div>\n<p>&nbsp;<\/p>\n<p>Para cerrar el primer d\u00eda de competencia, \u00c1frika debut\u00f3 con victoria al imponerse por 68 a 62 ante Udalem.<\/p>\n<p>&nbsp;<\/p>\n<p>La actividad se extender\u00e1 durante cuatro semanas con la disputa de los partidos de la instancia de grupos.<\/p>\n","protected":false},"excerpt":{"rendered":"<p>En la noche del lunes comenz\u00f3 el Torneo Comercial organizado por el Club Pueblo Nuevo.<\/p>\n","protected":false},"author":96739694,"featured_media":151709,"comment_status":"closed","ping_status":"closed","sticky":false,"template":"","format":"standard","meta":{"_jetpack_memberships_contains_paid_content":false,"footnotes":""},"categories":[31,1],"tags":[],"class_list":["post-138885","post","type-post","status-publish","format-standard","has-post-thumbnail","hentry","category-basquet","category-portada"],"jetpack_featured_media_url":"https:\/\/i0.wp.com\/cdnoticias.com\/wp-content\/uploads\/2023\/01\/comercial-2.jpeg?fit=1280%2C827&ssl=1","jetpack_sharing_enabled":true,"_links":{"self":[{"href":"https:\/\/cdnoticias.com\/index.php\/wp-json\/wp\/v2\/posts\/138885","targetHints":{"allow":["GET"]}}],"collection":[{"href":"https:\/\/cdnoticias.com\/index.php\/wp-json\/wp\/v2\/posts"}],"about":[{"href":"https:\/\/cdnoticias.com\/index.php\/wp-json\/wp\/v2\/types\/post"}],"author":[{"embeddable":true,"href":"https:\/\/cdnoticias.com\/index.php\/wp-json\/wp\/v2\/users\/96739694"}],"replies":[{"embeddable":true,"href":"https:\/\/cdnoticias.com\/index.php\/wp-json\/wp\/v2\/comments?post=138885"}],"version-history":[{"count":0,"href":"https:\/\/cdnoticias.com\/index.php\/wp-json\/wp\/v2\/posts\/138885\/revisions"}],"wp:featuredmedia":[{"embeddable":true,"href":"https:\/\/cdnoticias.com\/index.php\/wp-json\/wp\/v2\/media\/151709"}],"wp:attachment":[{"href":"https:\/\/cdnoticias.com\/index.php\/wp-json\/wp\/v2\/media?parent=138885"}],"wp:term":[{"taxonomy":"category","embeddable":true,"href":"https:\/\/cdnoticias.com\/index.php\/wp-json\/wp\/v2\/categories?post=138885"},{"taxonomy":"post_tag","embeddable":true,"href":"https:\/\/cdnoticias.com\/index.php\/wp-json\/wp\/v2\/tags?post=138885"}],"curies":[{"name":"wp","href":"https:\/\/api.w.org\/{rel}","templated":true}]}}