{"id":138884,"date":"2023-01-09T20:34:57","date_gmt":"2023-01-09T23:34:57","guid":{"rendered":"http:\/\/centraldeportes.com.ar\/?p=29107"},"modified":"2025-02-10T20:55:18","modified_gmt":"2025-02-10T23:55:18","slug":"el-fortin-inicio-la-pretemporada-bajo-la-tutela-de-fabricio-torres","status":"publish","type":"post","link":"https:\/\/cdnoticias.com\/index.php\/2023\/01\/09\/el-fortin-inicio-la-pretemporada-bajo-la-tutela-de-fabricio-torres\/","title":{"rendered":"El Fort\u00edn inici\u00f3 la pretemporada bajo la tutela de Fabricio Torres"},"content":{"rendered":"<p>El entrenador arranc\u00f3 oficialmente este lunes su segundo ciclo en la instituci\u00f3n que, adem\u00e1s, sum\u00f3 a Leonardo Patern\u00f3 como nuevo preparador f\u00edsico de los planteles mayores.<!--more--><\/p>\n<hr \/>\n<p>De cara al comienzo de la nueva temporada, <strong>este lunes el Club Social y Deportivo El Fort\u00edn tuvo su primer d\u00eda de pretemporada bajo las \u00f3rdenes de Fabricio Torres<\/strong> en su segunda etapa en la entidad de la Av. Urquiza.<\/p>\n<p>&nbsp;<\/p>\n<p><img data-recalc-dims=\"1\" loading=\"lazy\" decoding=\"async\" class=\"aligncenter  wp-image-29108\" src=\"https:\/\/i0.wp.com\/centraldeportes.com.ar\/wp-content\/uploads\/2023\/01\/Pretemporada-El-Fort%C3%ADn.jpg?resize=591%2C591\" alt=\"\" width=\"591\" height=\"591\" \/><\/p>\n<p>&nbsp;<\/p>\n<p>Si bien el foco estuvo en el plantel de Primera Divisi\u00f3n, de los trabajos participaron todos los jugadores del club desde la categor\u00eda 2004.<\/p>\n<p>&nbsp;<\/p>\n<p>Adem\u00e1s, <strong>el pasado viernes, se concret\u00f3 la llegada de Leonardo Patern\u00f3 quien se sum\u00f3 al cuerpo t\u00e9cnico para ser el nuevo preparador f\u00edsico<\/strong> de los planteles de Primera y Reserva.<\/p>\n<p>&nbsp;<\/p>\n<p>Foto: <strong>Club El Fort\u00edn<\/strong>.<\/p>\n","protected":false},"excerpt":{"rendered":"<p>El entrenador arranc\u00f3 oficialmente este lunes su segundo ciclo en la instituci\u00f3n que, adem\u00e1s, sum\u00f3 a Leonardo Patern\u00f3 como nuevo<\/p>\n","protected":false},"author":96739694,"featured_media":151713,"comment_status":"closed","ping_status":"closed","sticky":false,"template":"","format":"standard","meta":{"_jetpack_memberships_contains_paid_content":false,"footnotes":""},"categories":[35,1,41],"tags":[],"class_list":["post-138884","post","type-post","status-publish","format-standard","has-post-thumbnail","hentry","category-futbol","category-portada","category-primera-y-reserva"],"jetpack_featured_media_url":"https:\/\/i0.wp.com\/cdnoticias.com\/wp-content\/uploads\/2023\/01\/Pretemporada-2023-El-Fort%C3%ADn-e1673307199672.jpg?fit=960%2C624&ssl=1","jetpack_sharing_enabled":true,"_links":{"self":[{"href":"https:\/\/cdnoticias.com\/index.php\/wp-json\/wp\/v2\/posts\/138884","targetHints":{"allow":["GET"]}}],"collection":[{"href":"https:\/\/cdnoticias.com\/index.php\/wp-json\/wp\/v2\/posts"}],"about":[{"href":"https:\/\/cdnoticias.com\/index.php\/wp-json\/wp\/v2\/types\/post"}],"author":[{"embeddable":true,"href":"https:\/\/cdnoticias.com\/index.php\/wp-json\/wp\/v2\/users\/96739694"}],"replies":[{"embeddable":true,"href":"https:\/\/cdnoticias.com\/index.php\/wp-json\/wp\/v2\/comments?post=138884"}],"version-history":[{"count":0,"href":"https:\/\/cdnoticias.com\/index.php\/wp-json\/wp\/v2\/posts\/138884\/revisions"}],"wp:featuredmedia":[{"embeddable":true,"href":"https:\/\/cdnoticias.com\/index.php\/wp-json\/wp\/v2\/media\/151713"}],"wp:attachment":[{"href":"https:\/\/cdnoticias.com\/index.php\/wp-json\/wp\/v2\/media?parent=138884"}],"wp:term":[{"taxonomy":"category","embeddable":true,"href":"https:\/\/cdnoticias.com\/index.php\/wp-json\/wp\/v2\/categories?post=138884"},{"taxonomy":"post_tag","embeddable":true,"href":"https:\/\/cdnoticias.com\/index.php\/wp-json\/wp\/v2\/tags?post=138884"}],"curies":[{"name":"wp","href":"https:\/\/api.w.org\/{rel}","templated":true}]}}