{"id":138879,"date":"2023-01-09T11:00:51","date_gmt":"2023-01-09T14:00:51","guid":{"rendered":"http:\/\/centraldeportes.com.ar\/?p=29075"},"modified":"2023-01-09T11:00:51","modified_gmt":"2023-01-09T14:00:51","slug":"leo-landaburu-se-lucio-en-la-maraton-de-reyes-2","status":"publish","type":"post","link":"https:\/\/cdnoticias.com\/index.php\/2023\/01\/09\/leo-landaburu-se-lucio-en-la-maraton-de-reyes-2\/","title":{"rendered":"\u201cLeo\u201d Landaburu se luci\u00f3 en la \u201cMarat\u00f3n de Reyes\u201d"},"content":{"rendered":"<p>Como cada a\u00f1o se llev\u00f3 a cabo la \u201cMarat\u00f3n de Reyes\u201d en Trenque Launquen y Leonardo Landaburu logr\u00f3 un destacado quinto lugar en la clasificaci\u00f3n general.<!--more--><\/p>\n<hr \/>\n<p>Organizado por el Club Barrio Alegre y como cada a\u00f1o desde hace 57, se llev\u00f3 a cabo la competencia declarada de inter\u00e9s P\u00fablico y Municipal por la Municipalidad de Trenque Launquen que consagr\u00f3 a Miguel \u201cMito\u201d Guerra de 25 de Mayo con un tiempo de 22 minutos y 52 segundos.<\/p>\n<p>&nbsp;<\/p>\n<p>En el podio de la m\u00edtica carrera de Reyes que cumpli\u00f3 con la 57\u00b0 edici\u00f3n, tambi\u00e9n estuvieron Lorenzo Riva de Charras, Cristian Cabrera de Carhu\u00e9, Uriel Mu\u00f1oz de Jun\u00edn y el olavarriense Leonardo Landaburu que finaliz\u00f3 el recorrido con un tiempo de 23:37.<\/p>\n<p>&nbsp;<\/p>\n<p>La Marat\u00f3n de Reyes \u201cCamilo Martino\u201d tambi\u00e9n cont\u00f3 con la presencia de Fernando Menguil que con un tiempo de 30:27 finaliz\u00f3 49\u00b0.<\/p>\n<p>&nbsp;<\/p>\n<p>Entre las Damas, la ganadora fue la representante local Natalia Vel\u00e1zquez con 26:52 y en Veteranos fue triunfo para Ulises Sanguinetti.<\/p>\n","protected":false},"excerpt":{"rendered":"<p>Como cada a\u00f1o se llev\u00f3 a cabo la \u201cMarat\u00f3n de Reyes\u201d en Trenque Launquen y Leonardo Landaburu logr\u00f3 un destacado<\/p>\n","protected":false},"author":96739695,"featured_media":28841,"comment_status":"closed","ping_status":"closed","sticky":false,"template":"","format":"standard","meta":{"_jetpack_memberships_contains_paid_content":false,"footnotes":""},"categories":[38,1],"tags":[],"class_list":["post-138879","post","type-post","status-publish","format-standard","has-post-thumbnail","hentry","category-pedestrismo","category-portada"],"jetpack_featured_media_url":"https:\/\/i0.wp.com\/cdnoticias.com\/wp-content\/uploads\/2021\/08\/DSC_1974.jpg?fit=4608%2C3072&ssl=1","jetpack_sharing_enabled":true,"_links":{"self":[{"href":"https:\/\/cdnoticias.com\/index.php\/wp-json\/wp\/v2\/posts\/138879","targetHints":{"allow":["GET"]}}],"collection":[{"href":"https:\/\/cdnoticias.com\/index.php\/wp-json\/wp\/v2\/posts"}],"about":[{"href":"https:\/\/cdnoticias.com\/index.php\/wp-json\/wp\/v2\/types\/post"}],"author":[{"embeddable":true,"href":"https:\/\/cdnoticias.com\/index.php\/wp-json\/wp\/v2\/users\/96739695"}],"replies":[{"embeddable":true,"href":"https:\/\/cdnoticias.com\/index.php\/wp-json\/wp\/v2\/comments?post=138879"}],"version-history":[{"count":0,"href":"https:\/\/cdnoticias.com\/index.php\/wp-json\/wp\/v2\/posts\/138879\/revisions"}],"wp:featuredmedia":[{"embeddable":true,"href":"https:\/\/cdnoticias.com\/index.php\/wp-json\/wp\/v2\/media\/28841"}],"wp:attachment":[{"href":"https:\/\/cdnoticias.com\/index.php\/wp-json\/wp\/v2\/media?parent=138879"}],"wp:term":[{"taxonomy":"category","embeddable":true,"href":"https:\/\/cdnoticias.com\/index.php\/wp-json\/wp\/v2\/categories?post=138879"},{"taxonomy":"post_tag","embeddable":true,"href":"https:\/\/cdnoticias.com\/index.php\/wp-json\/wp\/v2\/tags?post=138879"}],"curies":[{"name":"wp","href":"https:\/\/api.w.org\/{rel}","templated":true}]}}