{"id":138868,"date":"2023-01-06T18:15:19","date_gmt":"2023-01-06T21:15:19","guid":{"rendered":"http:\/\/centraldeportes.com.ar\/?p=29019"},"modified":"2025-02-11T13:27:47","modified_gmt":"2025-02-11T16:27:47","slug":"luciano-bilbao-es-nuevo-director-tecnico-de-embajadores","status":"publish","type":"post","link":"https:\/\/cdnoticias.com\/index.php\/2023\/01\/06\/luciano-bilbao-es-nuevo-director-tecnico-de-embajadores\/","title":{"rendered":"Luciano Bilbao es nuevo director t\u00e9cnico de Embajadores"},"content":{"rendered":"<p>El entrenador, con \u00faltimo paso por Loma Negra, se har\u00e1 cargo del plantel de mayores durante el 2023.<!--more--><\/p>\n<hr \/>\n<p>El vigente campe\u00f3n del f\u00fatbol de Olavarr\u00eda comenz\u00f3 el nuevo a\u00f1o con el puesto de entrenador asegurado para afrontar los venideros torneos.<\/p>\n<p>&nbsp;<\/p>\n<p>En el mediod\u00eda de este viernes,<strong> el \u201cDiplom\u00e1tico\u201d inform\u00f3 que Luciano Bilbao ser\u00e1 el nuevo entrenador del equipo<\/strong> y reemplazar\u00e1 a Miguel Diorio, que dej\u00f3 el cargo en diciembre pasado.<\/p>\n<p>&nbsp;<\/p>\n<p><strong>Bilbao viene de dirigir a Loma Negra<\/strong> la temporada anterior y <strong>si bien a\u00fan resta definir parte de su cuerpo t\u00e9cnico, se sabe que Ignacio Zalazar ser\u00e1 su ayudante de campo<\/strong> y juntos se har\u00e1n cargo de los planteles de Primera y Reserva.<\/p>\n<p>&nbsp;<\/p>\n<p>Foto: <strong>Club Embajadores Oficial.<\/strong><\/p>\n","protected":false},"excerpt":{"rendered":"<p>El entrenador, con \u00faltimo paso por Loma Negra, se har\u00e1 cargo del plantel de mayores durante el 2023.<\/p>\n","protected":false},"author":96739694,"featured_media":153900,"comment_status":"closed","ping_status":"closed","sticky":false,"template":"","format":"standard","meta":{"_jetpack_memberships_contains_paid_content":false,"footnotes":""},"categories":[35,1,41],"tags":[],"class_list":["post-138868","post","type-post","status-publish","format-standard","has-post-thumbnail","hentry","category-futbol","category-portada","category-primera-y-reserva"],"jetpack_featured_media_url":"https:\/\/i0.wp.com\/cdnoticias.com\/wp-content\/uploads\/2023\/01\/Luciano-Bilbao-2-e1673039608958.jpg?fit=897%2C466&ssl=1","jetpack_sharing_enabled":true,"_links":{"self":[{"href":"https:\/\/cdnoticias.com\/index.php\/wp-json\/wp\/v2\/posts\/138868","targetHints":{"allow":["GET"]}}],"collection":[{"href":"https:\/\/cdnoticias.com\/index.php\/wp-json\/wp\/v2\/posts"}],"about":[{"href":"https:\/\/cdnoticias.com\/index.php\/wp-json\/wp\/v2\/types\/post"}],"author":[{"embeddable":true,"href":"https:\/\/cdnoticias.com\/index.php\/wp-json\/wp\/v2\/users\/96739694"}],"replies":[{"embeddable":true,"href":"https:\/\/cdnoticias.com\/index.php\/wp-json\/wp\/v2\/comments?post=138868"}],"version-history":[{"count":0,"href":"https:\/\/cdnoticias.com\/index.php\/wp-json\/wp\/v2\/posts\/138868\/revisions"}],"wp:featuredmedia":[{"embeddable":true,"href":"https:\/\/cdnoticias.com\/index.php\/wp-json\/wp\/v2\/media\/153900"}],"wp:attachment":[{"href":"https:\/\/cdnoticias.com\/index.php\/wp-json\/wp\/v2\/media?parent=138868"}],"wp:term":[{"taxonomy":"category","embeddable":true,"href":"https:\/\/cdnoticias.com\/index.php\/wp-json\/wp\/v2\/categories?post=138868"},{"taxonomy":"post_tag","embeddable":true,"href":"https:\/\/cdnoticias.com\/index.php\/wp-json\/wp\/v2\/tags?post=138868"}],"curies":[{"name":"wp","href":"https:\/\/api.w.org\/{rel}","templated":true}]}}