{"id":138863,"date":"2023-01-05T18:00:04","date_gmt":"2023-01-05T21:00:04","guid":{"rendered":"http:\/\/centraldeportes.com.ar\/?p=28986"},"modified":"2025-02-10T23:37:15","modified_gmt":"2025-02-11T02:37:15","slug":"un-olavarriense-a-la-primera-nacional-y-un-ex-ferro-a-la-primera-division","status":"publish","type":"post","link":"https:\/\/cdnoticias.com\/index.php\/2023\/01\/05\/un-olavarriense-a-la-primera-nacional-y-un-ex-ferro-a-la-primera-division\/","title":{"rendered":"Un olavarriense a la Primera Nacional y un ex-Ferro a la Primera Divisi\u00f3n"},"content":{"rendered":"<p>El olavarriense Kevin Ceceri y el oriundo de Maipu con paso por Ferro Carril Sud Octavio Bianchi, tienen nuevos equipos seg\u00fan trascendi\u00f3 en las \u00faltimas horas.<!--more--><\/p>\n<hr \/>\n<p>Kevin Alejandro Ceceri viene de jugar en Uni\u00f3n San Felipe de Chile y tras su paso por Guillermo Brown de Puerto Madryn, volver\u00e1 a repetir experiencia en la segunda categor\u00eda del f\u00fatbol argentino.<\/p>\n<p>&nbsp;<\/p>\n<p>Ceceri, surgido en El Fort\u00edn y formado en Gimnasia y Esgrima, tiene 26 a\u00f1os y se desempe\u00f1a como defensor.<\/p>\n<p>&nbsp;<\/p>\n<p><img data-recalc-dims=\"1\" loading=\"lazy\" decoding=\"async\" class=\"aligncenter size-full wp-image-28987\" src=\"https:\/\/i0.wp.com\/centraldeportes.com.ar\/wp-content\/uploads\/2023\/01\/WhatsApp-Image-2023-01-05-at-09.20.20.jpeg?resize=800%2C528\" alt=\"\" width=\"800\" height=\"528\" \/><\/p>\n<p>&nbsp;<\/p>\n<p>Por otro lado, Octavio Bianchi tendr\u00e1 su debut en el f\u00fatbol grande ya que firm\u00f3 contrato a pr\u00e9stamo por un a\u00f1o con Rosario Central.<\/p>\n<p>&nbsp;<\/p>\n<p>El futbolista de 27 a\u00f1os con pasado en Ferro donde jug\u00f3 la temporada 2017 que el \u201cCarbonero\u201d cedi\u00f3 ante Sol de Mayo, viene de ser una de las figuras de All Boys en la pasada temporada.<\/p>\n<p>&nbsp;<\/p>\n","protected":false},"excerpt":{"rendered":"<p>El olavarriense Kevin Ceceri y el oriundo de Maipu con paso por Ferro Carril Sud Octavio Bianchi, tienen nuevos equipos<\/p>\n","protected":false},"author":96739694,"featured_media":153691,"comment_status":"closed","ping_status":"closed","sticky":false,"template":"","format":"standard","meta":{"_jetpack_memberships_contains_paid_content":false,"footnotes":""},"categories":[35,37,1],"tags":[],"class_list":["post-138863","post","type-post","status-publish","format-standard","has-post-thumbnail","hentry","category-futbol","category-futbol-profesional","category-portada"],"jetpack_featured_media_url":"https:\/\/i0.wp.com\/cdnoticias.com\/wp-content\/uploads\/2023\/01\/FlqaFdBXkAESk2V-e1672952394318.jpg?fit=840%2C531&ssl=1","jetpack_sharing_enabled":true,"_links":{"self":[{"href":"https:\/\/cdnoticias.com\/index.php\/wp-json\/wp\/v2\/posts\/138863","targetHints":{"allow":["GET"]}}],"collection":[{"href":"https:\/\/cdnoticias.com\/index.php\/wp-json\/wp\/v2\/posts"}],"about":[{"href":"https:\/\/cdnoticias.com\/index.php\/wp-json\/wp\/v2\/types\/post"}],"author":[{"embeddable":true,"href":"https:\/\/cdnoticias.com\/index.php\/wp-json\/wp\/v2\/users\/96739694"}],"replies":[{"embeddable":true,"href":"https:\/\/cdnoticias.com\/index.php\/wp-json\/wp\/v2\/comments?post=138863"}],"version-history":[{"count":0,"href":"https:\/\/cdnoticias.com\/index.php\/wp-json\/wp\/v2\/posts\/138863\/revisions"}],"wp:featuredmedia":[{"embeddable":true,"href":"https:\/\/cdnoticias.com\/index.php\/wp-json\/wp\/v2\/media\/153691"}],"wp:attachment":[{"href":"https:\/\/cdnoticias.com\/index.php\/wp-json\/wp\/v2\/media?parent=138863"}],"wp:term":[{"taxonomy":"category","embeddable":true,"href":"https:\/\/cdnoticias.com\/index.php\/wp-json\/wp\/v2\/categories?post=138863"},{"taxonomy":"post_tag","embeddable":true,"href":"https:\/\/cdnoticias.com\/index.php\/wp-json\/wp\/v2\/tags?post=138863"}],"curies":[{"name":"wp","href":"https:\/\/api.w.org\/{rel}","templated":true}]}}