{"id":138861,"date":"2023-01-04T22:38:52","date_gmt":"2023-01-05T01:38:52","guid":{"rendered":"http:\/\/centraldeportes.com.ar\/?p=28979"},"modified":"2025-02-10T23:33:18","modified_gmt":"2025-02-11T02:33:18","slug":"con-rosso-y-sesto-el-bata-empezo-a-entrenar","status":"publish","type":"post","link":"https:\/\/cdnoticias.com\/index.php\/2023\/01\/04\/con-rosso-y-sesto-el-bata-empezo-a-entrenar\/","title":{"rendered":"Con Rosso y Sesto, el &#8220;Bata&#8221; empez\u00f3 a entrenar"},"content":{"rendered":"<p>Este mi\u00e9rcoles en el Maxigimnasio del Parque Guerrero, Estudiantes dio comienzo a la pretemporada de cara a su participaci\u00f3n en La Liga Federal.<\/p>\n<p><!--more--><\/p>\n<hr \/>\n<p>La tercera categor\u00eda del b\u00e1squet nacional est\u00e1 pronta a comenzar y Estudiantes arranc\u00f3 la pretemporada con la presencia de los dos refuerzos.<\/p>\n<p>&nbsp;<\/p>\n<p>El primer entrenamiento de la temporada cont\u00f3 con la presencia de Mat\u00edas Sesto y &#8212; Rosso, los dos refuerzos y tambi\u00e9n con Juan Emilio Incaurgarat e integrantes de la Subcomisi\u00f3n de B\u00e1squet.<\/p>\n<p>&nbsp;<\/p>\n<p>[soliloquy id=&#8221;28972&#8243;]<\/p>\n<p>&nbsp;<\/p>\n<p>Las actividades estuvieron a cargo de Manuel Gonz\u00e1lez y Mat\u00edas Gonz\u00e1lez y consistieron en ejercicios de lanzamiento y movilidad y de gimnasio.<\/p>\n<p>&nbsp;<\/p>\n<p>De cara al debut previsto para el 28 de enero, el &#8220;albinegro&#8221; continuar\u00e1 entrenando en jornadas de doble turno.<\/p>\n<p>&nbsp;<\/p>\n<p>Se presentaron a la primera pr\u00e1ctica, Luciano Dilascio, Franco Piccinelli, Atilio Borzi, Federico Silveyra, Mat\u00edas Sesto, Tom\u00e1s P\u00e9rez, Thiago San Mart\u00edn, Rosso y los juveniles Manuel \u00c1lvarez, y Valentino Luccini.<\/p>\n","protected":false},"excerpt":{"rendered":"<p>Este mi\u00e9rcoles en el Maxigimnasio del Parque Guerrero, Estudiantes dio comienzo a la pretemporada de cara a su participaci\u00f3n en<\/p>\n","protected":false},"author":96739694,"featured_media":153566,"comment_status":"closed","ping_status":"closed","sticky":false,"template":"","format":"standard","meta":{"_jetpack_memberships_contains_paid_content":false,"footnotes":""},"categories":[31,1,57],"tags":[],"class_list":["post-138861","post","type-post","status-publish","format-standard","has-post-thumbnail","hentry","category-basquet","category-portada","category-torneo-federal"],"jetpack_featured_media_url":"https:\/\/i0.wp.com\/cdnoticias.com\/wp-content\/uploads\/2023\/01\/inicio-cae-federal-2.jpeg?fit=1500%2C1000&ssl=1","jetpack_sharing_enabled":true,"_links":{"self":[{"href":"https:\/\/cdnoticias.com\/index.php\/wp-json\/wp\/v2\/posts\/138861","targetHints":{"allow":["GET"]}}],"collection":[{"href":"https:\/\/cdnoticias.com\/index.php\/wp-json\/wp\/v2\/posts"}],"about":[{"href":"https:\/\/cdnoticias.com\/index.php\/wp-json\/wp\/v2\/types\/post"}],"author":[{"embeddable":true,"href":"https:\/\/cdnoticias.com\/index.php\/wp-json\/wp\/v2\/users\/96739694"}],"replies":[{"embeddable":true,"href":"https:\/\/cdnoticias.com\/index.php\/wp-json\/wp\/v2\/comments?post=138861"}],"version-history":[{"count":0,"href":"https:\/\/cdnoticias.com\/index.php\/wp-json\/wp\/v2\/posts\/138861\/revisions"}],"wp:featuredmedia":[{"embeddable":true,"href":"https:\/\/cdnoticias.com\/index.php\/wp-json\/wp\/v2\/media\/153566"}],"wp:attachment":[{"href":"https:\/\/cdnoticias.com\/index.php\/wp-json\/wp\/v2\/media?parent=138861"}],"wp:term":[{"taxonomy":"category","embeddable":true,"href":"https:\/\/cdnoticias.com\/index.php\/wp-json\/wp\/v2\/categories?post=138861"},{"taxonomy":"post_tag","embeddable":true,"href":"https:\/\/cdnoticias.com\/index.php\/wp-json\/wp\/v2\/tags?post=138861"}],"curies":[{"name":"wp","href":"https:\/\/api.w.org\/{rel}","templated":true}]}}