{"id":138853,"date":"2023-01-03T19:31:55","date_gmt":"2023-01-03T22:31:55","guid":{"rendered":"http:\/\/centraldeportes.com.ar\/?p=28949"},"modified":"2025-02-10T23:26:25","modified_gmt":"2025-02-11T02:26:25","slug":"matias-sesto-volvera-a-vestir-la-camiseta-del-bataraz-en-la-liga-federal","status":"publish","type":"post","link":"https:\/\/cdnoticias.com\/index.php\/2023\/01\/03\/matias-sesto-volvera-a-vestir-la-camiseta-del-bataraz-en-la-liga-federal\/","title":{"rendered":"Mat\u00edas Sesto volver\u00e1 a vestir la camiseta del &#8220;Bataraz&#8221; en La Liga Federal"},"content":{"rendered":"<p>Mat\u00edas Sesto, alero olavarriense de 31 a\u00f1os, ser\u00e1 la nueva incorporaci\u00f3n de Estudiantes para la venidera Liga Federal 2023.<!--more--><\/p>\n<hr \/>\n<p>El perimetral de 1.94 metros de altura traer\u00e1 experiencia y aires nuevos a este equipo de Estudiantes que tras su experiencia en el Torneo Pre-Federal se prepara para la tercera categor\u00eda del b\u00e1squet nacional que comenzar\u00e1 los \u00faltimos d\u00edas del mes en curso.<\/p>\n<p>&nbsp;<\/p>\n<p>Sesto, surgido en las inferiores de Pueblo Nuevo, tuvo su paso por Pe\u00f1arol de Mar del Plata en Liga Nacional, luego vino en distintas oportunidades a Estudiantes para jugar Liga Argentina, y ahora regresa para afrontar el Federal con la albinegra desde Estudiantes de Concordia en la segunda categor\u00eda del b\u00e1squetbol argentino.<\/p>\n<p>&nbsp;<\/p>\n<p>El olavarriense se transform\u00f3 en la segunda cara nueva confirmada por la Subcomisi\u00f3n de B\u00e1squet en el transcurso de este martes, ya que previamente hab\u00eda asegurado el arribo de Santiago Rosso.<\/p>\n","protected":false},"excerpt":{"rendered":"<p>Mat\u00edas Sesto, alero olavarriense de 31 a\u00f1os, ser\u00e1 la nueva incorporaci\u00f3n de Estudiantes para la venidera Liga Federal 2023.<\/p>\n","protected":false},"author":96739694,"featured_media":153339,"comment_status":"closed","ping_status":"closed","sticky":false,"template":"","format":"standard","meta":{"_jetpack_memberships_contains_paid_content":false,"footnotes":""},"categories":[31,1,60],"tags":[],"class_list":["post-138853","post","type-post","status-publish","format-standard","has-post-thumbnail","hentry","category-basquet","category-portada","category-torneo-pre-federal"],"jetpack_featured_media_url":"https:\/\/i0.wp.com\/cdnoticias.com\/wp-content\/uploads\/2023\/01\/WhatsApp-Image-2021-12-14-at-16.40.03-e1639514376968.jpeg?fit=716%2C386&ssl=1","jetpack_sharing_enabled":true,"_links":{"self":[{"href":"https:\/\/cdnoticias.com\/index.php\/wp-json\/wp\/v2\/posts\/138853","targetHints":{"allow":["GET"]}}],"collection":[{"href":"https:\/\/cdnoticias.com\/index.php\/wp-json\/wp\/v2\/posts"}],"about":[{"href":"https:\/\/cdnoticias.com\/index.php\/wp-json\/wp\/v2\/types\/post"}],"author":[{"embeddable":true,"href":"https:\/\/cdnoticias.com\/index.php\/wp-json\/wp\/v2\/users\/96739694"}],"replies":[{"embeddable":true,"href":"https:\/\/cdnoticias.com\/index.php\/wp-json\/wp\/v2\/comments?post=138853"}],"version-history":[{"count":0,"href":"https:\/\/cdnoticias.com\/index.php\/wp-json\/wp\/v2\/posts\/138853\/revisions"}],"wp:featuredmedia":[{"embeddable":true,"href":"https:\/\/cdnoticias.com\/index.php\/wp-json\/wp\/v2\/media\/153339"}],"wp:attachment":[{"href":"https:\/\/cdnoticias.com\/index.php\/wp-json\/wp\/v2\/media?parent=138853"}],"wp:term":[{"taxonomy":"category","embeddable":true,"href":"https:\/\/cdnoticias.com\/index.php\/wp-json\/wp\/v2\/categories?post=138853"},{"taxonomy":"post_tag","embeddable":true,"href":"https:\/\/cdnoticias.com\/index.php\/wp-json\/wp\/v2\/tags?post=138853"}],"curies":[{"name":"wp","href":"https:\/\/api.w.org\/{rel}","templated":true}]}}