{"id":138841,"date":"2023-06-16T20:16:35","date_gmt":"2023-06-16T23:16:35","guid":{"rendered":"http:\/\/centraldeportes.com.ar\/?p=37288"},"modified":"2025-02-11T17:26:36","modified_gmt":"2025-02-11T20:26:36","slug":"el-chaira-ya-tiene-rival-para-los-cruces-eliminatorios","status":"publish","type":"post","link":"https:\/\/cdnoticias.com\/index.php\/2023\/06\/16\/el-chaira-ya-tiene-rival-para-los-cruces-eliminatorios\/","title":{"rendered":"El \u201cChaira\u201d ya tiene rival para los cruces eliminatorios"},"content":{"rendered":"<p>Con d\u00eda y horario confirmados para el partido de ida, Racing se medir\u00e1 contra Deportivo Tandil en el inicio de la primera fase de Play \u2013 Off correspondiente al Regional Pampeano.<!--more--><\/p>\n<hr \/>\n<p>La <strong>Federaci\u00f3n Bonaerense Pampeana<\/strong> diagram\u00f3 en las \u00faltimas horas los duelos mata \u2013 mata de la primera fase eliminatoria del Regional y <strong>al conjunto del \u201cChueco\u201d Garc\u00eda Lorenzo le toc\u00f3 Deportivo Tandil<\/strong>, que culmin\u00f3 segundo en la Zona por detr\u00e1s de Gimnasia y Esgrima de la misma ciudad.<\/p>\n<p>&nbsp;<\/p>\n<p>El \u201cChaira\u201d, al quedarse con el primer puesto del Grupo 3 con nueve unidades, <strong>tendr\u00e1 la posibilidad de definir la serie en el Jos\u00e9 Buglione Martinese<\/strong>.<\/p>\n<p>&nbsp;<\/p>\n<p>Por lo pronto, la llave dar\u00e1 inicio<strong> el pr\u00f3ximo mi\u00e9rcoles 21 donde el \u201cDepor\u201d arrancar\u00e1 de local y recibir\u00e1 a Racing en el estadio D\u00e1maso Latasa de Ferrocarril a partir de las 20:00 horas<\/strong>. Impartir\u00e1n justicia \u00e1rbitros de la Liga de General Madariaga.<\/p>\n<p>&nbsp;<\/p>\n<p>Asimismo, una vez resuelta la serie, el ganador se enfrentar\u00e1 en la siguiente instancia al vencedor del Play \u2013 Off entre Balonpi\u00e9 de Bol\u00edvar y Apeadero de Saladillo.<\/p>\n","protected":false},"excerpt":{"rendered":"<p>Con d\u00eda y horario confirmados para el partido de ida, Racing se medir\u00e1 contra Deportivo Tandil en el inicio de<\/p>\n","protected":false},"author":96739694,"featured_media":155646,"comment_status":"closed","ping_status":"closed","sticky":false,"template":"","format":"standard","meta":{"_jetpack_memberships_contains_paid_content":false,"footnotes":""},"categories":[35,1,54],"tags":[],"class_list":["post-138841","post","type-post","status-publish","format-standard","has-post-thumbnail","hentry","category-futbol","category-portada","category-torneo-regional-amateur"],"jetpack_featured_media_url":"https:\/\/i0.wp.com\/cdnoticias.com\/wp-content\/uploads\/2023\/05\/rac-cayetano-6.jpeg?fit=1280%2C851&ssl=1","jetpack_sharing_enabled":true,"_links":{"self":[{"href":"https:\/\/cdnoticias.com\/index.php\/wp-json\/wp\/v2\/posts\/138841","targetHints":{"allow":["GET"]}}],"collection":[{"href":"https:\/\/cdnoticias.com\/index.php\/wp-json\/wp\/v2\/posts"}],"about":[{"href":"https:\/\/cdnoticias.com\/index.php\/wp-json\/wp\/v2\/types\/post"}],"author":[{"embeddable":true,"href":"https:\/\/cdnoticias.com\/index.php\/wp-json\/wp\/v2\/users\/96739694"}],"replies":[{"embeddable":true,"href":"https:\/\/cdnoticias.com\/index.php\/wp-json\/wp\/v2\/comments?post=138841"}],"version-history":[{"count":0,"href":"https:\/\/cdnoticias.com\/index.php\/wp-json\/wp\/v2\/posts\/138841\/revisions"}],"wp:featuredmedia":[{"embeddable":true,"href":"https:\/\/cdnoticias.com\/index.php\/wp-json\/wp\/v2\/media\/155646"}],"wp:attachment":[{"href":"https:\/\/cdnoticias.com\/index.php\/wp-json\/wp\/v2\/media?parent=138841"}],"wp:term":[{"taxonomy":"category","embeddable":true,"href":"https:\/\/cdnoticias.com\/index.php\/wp-json\/wp\/v2\/categories?post=138841"},{"taxonomy":"post_tag","embeddable":true,"href":"https:\/\/cdnoticias.com\/index.php\/wp-json\/wp\/v2\/tags?post=138841"}],"curies":[{"name":"wp","href":"https:\/\/api.w.org\/{rel}","templated":true}]}}