{"id":138833,"date":"2023-06-15T20:43:31","date_gmt":"2023-06-15T23:43:31","guid":{"rendered":"http:\/\/centraldeportes.com.ar\/?p=37252"},"modified":"2025-02-11T17:26:50","modified_gmt":"2025-02-11T20:26:50","slug":"paso-otra-fecha-en-primera-division-solo-festejo-guille-con-el-decano","status":"publish","type":"post","link":"https:\/\/cdnoticias.com\/index.php\/2023\/06\/15\/paso-otra-fecha-en-primera-division-solo-festejo-guille-con-el-decano\/","title":{"rendered":"Pas\u00f3 otra fecha en Primera Divisi\u00f3n: solo festej\u00f3 Guille con el \u201cDecano\u201d"},"content":{"rendered":"<p>La \u00e9lite del f\u00fatbol argentino cerr\u00f3 el martes pasado la 20\u00b0 fecha de la Liga Profesional y fue con la presencia de cuatro futbolistas de nuestra ciudad.<!--more--><\/p>\n<hr \/>\n<p>Se complet\u00f3 otra jornada del f\u00fatbol grande de nuestro pa\u00eds con el desarrollo de los catorce cruces correspondientes a la <strong>20\u00b0 fecha de la Liga Profesional<\/strong>, que comenz\u00f3 el pasado viernes y finaliz\u00f3 el \u00faltimo martes.<\/p>\n<p>&nbsp;<\/p>\n<p>El \u00fanico que festej\u00f3 el fin de semana fue<strong> Braian Guille<\/strong> con <strong>Atl\u00e9tico Tucum\u00e1n<\/strong> aunque el \u201cMago\u201d, que arranc\u00f3 entre los suplentes, no tuvo minutos en el campo de juego. All\u00ed en el Monumental Jos\u00e9 Fierro, el \u201cDecano\u201d derrot\u00f3 2 a 1 a un <strong>Godoy Cruz<\/strong> que tuvo desde el arranque a <strong>Braian Salvareschi<\/strong>, pero a los 13\u2019 del segundo tiempo el defensor olavarriense sali\u00f3 reemplazado por Lucas Arce.<\/p>\n<p>&nbsp;<\/p>\n<p>Anteriormente, el s\u00e1bado,<strong> Lan\u00fas<\/strong> visit\u00f3 a <strong>Boca Juniors<\/strong> y repartieron puntos en La Bombonera tras igualar 1 a 1. <strong>Pedro De la Vega<\/strong> fue titular en el conjunto \u201cGranate\u201d y jug\u00f3 hasta los 84\u2019, ya que tiempo despu\u00e9s sali\u00f3 del campo y ocup\u00f3 su puesto Franco Troyansky.<\/p>\n<p>&nbsp;<\/p>\n<p>El que no levanta cabeza es el <strong>V\u00e9lez<\/strong> de <strong>Lucas Janson<\/strong>. Es que el elenco de Liniers volvi\u00f3 a caer, esta vez contra <strong>Argentinos Juniors<\/strong> 1 a 0 en el Jos\u00e9 Amalfitani. El delantero surgido de Embajadores comenz\u00f3 en el duelo en la formaci\u00f3n inicial y a los 67\u2019 fue reemplazado por el brasile\u00f1o Lenny Lobato. Con este resultado, el \u201cFort\u00edn\u201d arrastra una recha de 11 partidos sin conocer la victoria.<\/p>\n<p>&nbsp;<\/p>\n<p><em><strong>Foto: Atl\u00e9tico Tucum\u00e1n Oficial.<\/strong><\/em><\/p>\n","protected":false},"excerpt":{"rendered":"<p>La \u00e9lite del f\u00fatbol argentino cerr\u00f3 el martes pasado la 20\u00b0 fecha de la Liga Profesional y fue con la<\/p>\n","protected":false},"author":96739694,"featured_media":155915,"comment_status":"closed","ping_status":"closed","sticky":false,"template":"","format":"standard","meta":{"_jetpack_memberships_contains_paid_content":false,"footnotes":""},"categories":[35,37,1],"tags":[],"class_list":["post-138833","post","type-post","status-publish","format-standard","has-post-thumbnail","hentry","category-futbol","category-futbol-profesional","category-portada"],"jetpack_featured_media_url":"https:\/\/i0.wp.com\/cdnoticias.com\/wp-content\/uploads\/2023\/06\/Braian-Salvareschi-20%C2%B0-fecha-Primera-Division.jpeg?fit=1080%2C695&ssl=1","jetpack_sharing_enabled":true,"_links":{"self":[{"href":"https:\/\/cdnoticias.com\/index.php\/wp-json\/wp\/v2\/posts\/138833","targetHints":{"allow":["GET"]}}],"collection":[{"href":"https:\/\/cdnoticias.com\/index.php\/wp-json\/wp\/v2\/posts"}],"about":[{"href":"https:\/\/cdnoticias.com\/index.php\/wp-json\/wp\/v2\/types\/post"}],"author":[{"embeddable":true,"href":"https:\/\/cdnoticias.com\/index.php\/wp-json\/wp\/v2\/users\/96739694"}],"replies":[{"embeddable":true,"href":"https:\/\/cdnoticias.com\/index.php\/wp-json\/wp\/v2\/comments?post=138833"}],"version-history":[{"count":0,"href":"https:\/\/cdnoticias.com\/index.php\/wp-json\/wp\/v2\/posts\/138833\/revisions"}],"wp:featuredmedia":[{"embeddable":true,"href":"https:\/\/cdnoticias.com\/index.php\/wp-json\/wp\/v2\/media\/155915"}],"wp:attachment":[{"href":"https:\/\/cdnoticias.com\/index.php\/wp-json\/wp\/v2\/media?parent=138833"}],"wp:term":[{"taxonomy":"category","embeddable":true,"href":"https:\/\/cdnoticias.com\/index.php\/wp-json\/wp\/v2\/categories?post=138833"},{"taxonomy":"post_tag","embeddable":true,"href":"https:\/\/cdnoticias.com\/index.php\/wp-json\/wp\/v2\/tags?post=138833"}],"curies":[{"name":"wp","href":"https:\/\/api.w.org\/{rel}","templated":true}]}}