{"id":138821,"date":"2023-06-14T00:18:43","date_gmt":"2023-06-14T03:18:43","guid":{"rendered":"http:\/\/centraldeportes.com.ar\/?p=37187"},"modified":"2025-02-11T17:24:55","modified_gmt":"2025-02-11T20:24:55","slug":"los-juveniles-se-pusieron-al-dia-en-el-torneo-apertura","status":"publish","type":"post","link":"https:\/\/cdnoticias.com\/index.php\/2023\/06\/14\/los-juveniles-se-pusieron-al-dia-en-el-torneo-apertura\/","title":{"rendered":"Los Juveniles se pusieron al d\u00eda en el Torneo Apertura"},"content":{"rendered":"<p>En la tarde noche de este martes, dos categor\u00edas de Estudiantes y Ferro se midieron en el Parque Guerrero y completaron los encuentros postergados de la 5\u00b0 fecha.<!--more--><\/p>\n<hr \/>\n<p>El segundo certamen del a\u00f1o gestionado para las categor\u00edas formativas del f\u00fatbol local se puso al d\u00eda y ya no tiene pendientes.<\/p>\n<p>&nbsp;<\/p>\n<p>Es que en la tarde noche de este martes, dos divisionales de<strong> Estudiantes y Ferro disputaron los cotejos de la 5\u00b0 fecha<\/strong> <a href=\"http:\/\/centraldeportes.com.ar\/torneo-apertura-de-inferiores-la-5-fecha-tiene-dos-duelos-pendientes\/\">que hab\u00edan sido suspendidos<\/a> d\u00edas atr\u00e1s por mal clima.<\/p>\n<p>&nbsp;<\/p>\n<p>Las acciones se concentraron en el c\u00e9sped del <strong>Parque Carlos Guerrero<\/strong>, donde \u201cBataraces\u201d y \u201cCarboneros\u201d se midieron en <strong>Quinta y Sexta divisi\u00f3n<\/strong> con un triunfo para cada lado.<\/p>\n<p>&nbsp;<\/p>\n<p>[soliloquy id=&#8221;37173&#8243;]<\/p>\n<p>&nbsp;<\/p>\n<h6><strong>Resultados:<\/strong><\/h6>\n<p>&nbsp;<\/p>\n<h6><strong>En Sexta<\/strong>:<\/h6>\n<p>Estudiantes <strong>2 \u2013 0<\/strong> Ferro<\/p>\n<p>&nbsp;<\/p>\n<h6><strong>En Quinta<\/strong>:<\/h6>\n<p>Estudiantes <strong>0 \u2013 3<\/strong> Ferro<\/p>\n","protected":false},"excerpt":{"rendered":"<p>En la tarde noche de este martes, dos categor\u00edas de Estudiantes y Ferro se midieron en el Parque Guerrero y<\/p>\n","protected":false},"author":96739694,"featured_media":155815,"comment_status":"closed","ping_status":"closed","sticky":false,"template":"","format":"standard","meta":{"_jetpack_memberships_contains_paid_content":false,"footnotes":""},"categories":[35,40,1],"tags":[],"class_list":["post-138821","post","type-post","status-publish","format-standard","has-post-thumbnail","hentry","category-futbol","category-inferiores","category-portada"],"jetpack_featured_media_url":"https:\/\/i0.wp.com\/cdnoticias.com\/wp-content\/uploads\/2023\/06\/inf-lfo-18.jpeg?fit=1500%2C1000&ssl=1","jetpack_sharing_enabled":true,"_links":{"self":[{"href":"https:\/\/cdnoticias.com\/index.php\/wp-json\/wp\/v2\/posts\/138821","targetHints":{"allow":["GET"]}}],"collection":[{"href":"https:\/\/cdnoticias.com\/index.php\/wp-json\/wp\/v2\/posts"}],"about":[{"href":"https:\/\/cdnoticias.com\/index.php\/wp-json\/wp\/v2\/types\/post"}],"author":[{"embeddable":true,"href":"https:\/\/cdnoticias.com\/index.php\/wp-json\/wp\/v2\/users\/96739694"}],"replies":[{"embeddable":true,"href":"https:\/\/cdnoticias.com\/index.php\/wp-json\/wp\/v2\/comments?post=138821"}],"version-history":[{"count":0,"href":"https:\/\/cdnoticias.com\/index.php\/wp-json\/wp\/v2\/posts\/138821\/revisions"}],"wp:featuredmedia":[{"embeddable":true,"href":"https:\/\/cdnoticias.com\/index.php\/wp-json\/wp\/v2\/media\/155815"}],"wp:attachment":[{"href":"https:\/\/cdnoticias.com\/index.php\/wp-json\/wp\/v2\/media?parent=138821"}],"wp:term":[{"taxonomy":"category","embeddable":true,"href":"https:\/\/cdnoticias.com\/index.php\/wp-json\/wp\/v2\/categories?post=138821"},{"taxonomy":"post_tag","embeddable":true,"href":"https:\/\/cdnoticias.com\/index.php\/wp-json\/wp\/v2\/tags?post=138821"}],"curies":[{"name":"wp","href":"https:\/\/api.w.org\/{rel}","templated":true}]}}