{"id":13882,"date":"2021-02-21T20:50:21","date_gmt":"2021-02-21T23:50:21","guid":{"rendered":"http:\/\/www.centraldenoticias.com.ar\/?p=13882"},"modified":"2021-02-22T09:02:49","modified_gmt":"2021-02-22T12:02:49","slug":"daniela-iarritu-esta-pandemia-me-sirvio-para-reciclar-suenos","status":"publish","type":"post","link":"https:\/\/cdnoticias.com\/index.php\/2021\/02\/21\/daniela-iarritu-esta-pandemia-me-sirvio-para-reciclar-suenos\/","title":{"rendered":"Daniela Iarritu: \u201cEsta pandemia me sirvi\u00f3 para reciclar sue\u00f1os\u201d"},"content":{"rendered":"<p>Es docente y escritora. El pand\u00e9mico a\u00f1o 2020 la decidi\u00f3 a publicar su primer libro de cuentos con textos que escribi\u00f3 hace muchos a\u00f1os. De esta forma, numerosos seres m\u00e1gicos ya conviven entre nosotros.<!--more--><\/p>\n<hr \/>\n<p><strong>Yesica Guevara \/ @yesicaguevara29\u00a0<\/strong><\/p>\n<p><em>(del staff de Central de Noticias)<\/em><\/p>\n<p>&nbsp;<\/p>\n<p style=\"text-align: center;\"><em>En el exterior de la casa rodante suced\u00eda una tormenta descomunal. La clase de tormenta que solo se produce sobre el final del invierno, a medianoche, en un bald\u00edo del conurbano bonaerense. (Pollos de campo, Ema Wolf)<\/em><\/p>\n<p>&nbsp;<\/p>\n<p><strong>Daniela Iarritu<\/strong> es docente, admiradora de Ema Wolf y escritora \u201cdesde siempre\u201d. <strong>El 2020 la conect\u00f3 con un gran pendiente: publicar su primer libro de cuentos.<\/strong><\/p>\n<p>&nbsp;<\/p>\n<p><strong><em>\u201cSeres M\u00e1gicos y otras compa\u00f1\u00edas\u201d<\/em> est\u00e1 formado por 8 cuentos cortos para ni\u00f1os.<\/strong> <em>\u201cSon cuentos fant\u00e1sticos. La mitad de ellos est\u00e1n vinculados a personajes protot\u00edpicos como hadas, magos o princesas. La otra mitad, tienen que ver con animales y plantas\u201d,<\/em> cont\u00f3 a <em>Central de Noticias.<\/em><\/p>\n<p>&nbsp;<\/p>\n<p><strong>Esos seres acompa\u00f1ar\u00e1n a los ni\u00f1os y ni\u00f1as en su desarrollo.<\/strong> La idea de la autora, fue lograr <em>\u201cun libro de lectura llevadera, para ni\u00f1os de 5 a 8 a\u00f1os, con historias que hagan m\u00e1s llevadero el crecimiento\u201d.<\/em><\/p>\n<p>&nbsp;<\/p>\n<p>Las historias fueron escritas <em>\u201chace bastante tiempo\u201d<\/em> y<em> \u201cpor separado\u201d<\/em>. En la revisi\u00f3n realizada para la edici\u00f3n del libro, Iarritu concluy\u00f3 que <em>\u201csi bien no sab\u00eda si ten\u00edan algo en com\u00fan, al terminar el libro pude darle una vuelta m\u00e1s\u201d.<\/em><\/p>\n<p>&nbsp;<\/p>\n<p><img data-recalc-dims=\"1\" loading=\"lazy\" decoding=\"async\" class=\"alignnone size-full wp-image-13885\" src=\"https:\/\/i0.wp.com\/cdnoticias.com\/wp-content\/uploads\/2021\/02\/WhatsApp-Image-2021-02-13-at-10.15.31.jpeg?resize=800%2C886&#038;ssl=1\" alt=\"\" width=\"800\" height=\"886\" srcset=\"https:\/\/i0.wp.com\/cdnoticias.com\/wp-content\/uploads\/2021\/02\/WhatsApp-Image-2021-02-13-at-10.15.31.jpeg?w=997&amp;ssl=1 997w, https:\/\/i0.wp.com\/cdnoticias.com\/wp-content\/uploads\/2021\/02\/WhatsApp-Image-2021-02-13-at-10.15.31.jpeg?resize=271%2C300&amp;ssl=1 271w, https:\/\/i0.wp.com\/cdnoticias.com\/wp-content\/uploads\/2021\/02\/WhatsApp-Image-2021-02-13-at-10.15.31.jpeg?resize=768%2C850&amp;ssl=1 768w, https:\/\/i0.wp.com\/cdnoticias.com\/wp-content\/uploads\/2021\/02\/WhatsApp-Image-2021-02-13-at-10.15.31.jpeg?resize=925%2C1024&amp;ssl=1 925w\" sizes=\"auto, (max-width: 800px) 100vw, 800px\" \/><\/p>\n<p>&nbsp;<\/p>\n<p><strong>El largo camino hacia la publicaci\u00f3n <\/strong><\/p>\n<p>&nbsp;<\/p>\n<p><em>\u201cEn su momento me cost\u00f3 mucho, pensar en publicarlo. Por un lado, el costo, y por el otro lado, no ten\u00eda contactos, no sab\u00eda c\u00f3mo pod\u00eda llegar a hacer una publicaci\u00f3n\u201d<\/em>, asegur\u00f3.<\/p>\n<p>&nbsp;<\/p>\n<p>Sin embargo, <strong>el tiempo facilit\u00f3 el acceso a las editoriales y la pandemia toc\u00f3 alguna fibra interna<\/strong> que hizo que accionara para finalmente publicar sus textos.<\/p>\n<p>&nbsp;<\/p>\n<blockquote><p>Esta pandemia me sirvi\u00f3 para reciclar sue\u00f1os. Siempre me gust\u00f3 la idea de publicarlos, pero pensaba que era algo m\u00e1s complejo y quedaban ah\u00ed latentes.<\/p><\/blockquote>\n<p>&nbsp;<\/p>\n<p>Una vez que se decidi\u00f3, la escritora se puso en contacto con dos editoriales. Finalmente, y tras evaluar presupuestos, opt\u00f3 por <strong>Tinta Libre<\/strong>, una editorial que la conquist\u00f3 por su impronta y por su nombre. <em>\u201cTuvimos una comunicaci\u00f3n muy buena, ellos me fueron llevando paso a paso\u201d<\/em>, indic\u00f3.<\/p>\n<p>&nbsp;<\/p>\n<p>El proceso previo a la impresi\u00f3n del libro <em>\u201cfue muy interesante\u201d<\/em> y <em>\u201cpasamos por tres pruebas de galera, decidimos d\u00f3nde colocar las ilustraciones y luego la cantidad de libros a imprimir\u201d.<\/em><\/p>\n<p>&nbsp;<\/p>\n<p>En ese sentido, <strong>las ilustraciones tambi\u00e9n est\u00e1n realizadas por Daniela<\/strong>: <em>\u201cla editorial hizo la tapa y capt\u00f3 de manera excelente lo que yo propon\u00eda\u201d.<\/em><\/p>\n<p>&nbsp;<\/p>\n<p><img data-recalc-dims=\"1\" loading=\"lazy\" decoding=\"async\" class=\"alignnone size-full wp-image-13886\" src=\"https:\/\/i0.wp.com\/cdnoticias.com\/wp-content\/uploads\/2021\/02\/WhatsApp-Image-2021-02-13-at-10.16.25.jpeg?resize=800%2C800&#038;ssl=1\" alt=\"\" width=\"800\" height=\"800\" srcset=\"https:\/\/i0.wp.com\/cdnoticias.com\/wp-content\/uploads\/2021\/02\/WhatsApp-Image-2021-02-13-at-10.16.25.jpeg?w=1280&amp;ssl=1 1280w, https:\/\/i0.wp.com\/cdnoticias.com\/wp-content\/uploads\/2021\/02\/WhatsApp-Image-2021-02-13-at-10.16.25.jpeg?resize=150%2C150&amp;ssl=1 150w, https:\/\/i0.wp.com\/cdnoticias.com\/wp-content\/uploads\/2021\/02\/WhatsApp-Image-2021-02-13-at-10.16.25.jpeg?resize=300%2C300&amp;ssl=1 300w, https:\/\/i0.wp.com\/cdnoticias.com\/wp-content\/uploads\/2021\/02\/WhatsApp-Image-2021-02-13-at-10.16.25.jpeg?resize=768%2C768&amp;ssl=1 768w, https:\/\/i0.wp.com\/cdnoticias.com\/wp-content\/uploads\/2021\/02\/WhatsApp-Image-2021-02-13-at-10.16.25.jpeg?resize=1024%2C1024&amp;ssl=1 1024w\" sizes=\"auto, (max-width: 800px) 100vw, 800px\" \/><\/p>\n<p>&nbsp;<\/p>\n<p><strong>Nuevos horizontes<\/strong><\/p>\n<p>&nbsp;<\/p>\n<p><em>\u201cNunca llegu\u00e9 a hacer la presentaci\u00f3n formal\u201d<\/em>, se\u00f1al\u00f3 Daniela y cont\u00f3 que <strong>el libro entrar\u00e1 a imprenta por segunda vez.<\/strong><\/p>\n<p>La intenci\u00f3n de la autora es<em> \u201csi volvemos a la posibilidad de la presencialidad,<strong> me gustar\u00eda hacer la presentaci\u00f3n en el CEC N\u00b0 805 de Sierras Bayas<\/strong>, donde yo trabajo. Hacer algo m\u00e1s \u00edntimo y c\u00e1lido\u201d.<\/em><\/p>\n<p>&nbsp;<\/p>\n<p>Incluso, en el CEC trabaj\u00f3 en alguna oportunidad con uno de sus cuentos. <em>\u201cHicimos un zoom y pudimos realizar distintas producciones y dem\u00e1s\u201d.<\/em><\/p>\n<p>&nbsp;<\/p>\n<p>La escritura es un lugar donde Daniela fluye y donde encuentra autoras que la fascinan, como <strong>Ema Wolf<\/strong> y <em>\u201csu juego con la literalidad de las palabras\u201d<\/em>. Algo que intent\u00f3<em> \u201crescatar humildemente\u201d<\/em> en sus cuentos.<\/p>\n<p>Mientras, valora el aprendizaje, el proceso y contin\u00faa escribiendo y pensando <strong>su segundo libro infantil<\/strong>. Seguramente pronto tendremos novedades. La puerta, est\u00e1 abierta.<\/p>\n","protected":false},"excerpt":{"rendered":"<p>Es docente y escritora. El pand\u00e9mico a\u00f1o 2020 la decidi\u00f3 a publicar su primer libro de cuentos con textos que<\/p>\n","protected":false},"author":5,"featured_media":13883,"comment_status":"closed","ping_status":"closed","sticky":false,"template":"","format":"standard","meta":{"_jetpack_memberships_contains_paid_content":false,"footnotes":""},"categories":[9,1],"tags":[],"class_list":["post-13882","post","type-post","status-publish","format-standard","has-post-thumbnail","hentry","category-cultura","category-portada"],"jetpack_featured_media_url":"https:\/\/i0.wp.com\/cdnoticias.com\/wp-content\/uploads\/2021\/02\/pp.jpg?fit=640%2C640&ssl=1","jetpack_sharing_enabled":true,"_links":{"self":[{"href":"https:\/\/cdnoticias.com\/index.php\/wp-json\/wp\/v2\/posts\/13882","targetHints":{"allow":["GET"]}}],"collection":[{"href":"https:\/\/cdnoticias.com\/index.php\/wp-json\/wp\/v2\/posts"}],"about":[{"href":"https:\/\/cdnoticias.com\/index.php\/wp-json\/wp\/v2\/types\/post"}],"author":[{"embeddable":true,"href":"https:\/\/cdnoticias.com\/index.php\/wp-json\/wp\/v2\/users\/5"}],"replies":[{"embeddable":true,"href":"https:\/\/cdnoticias.com\/index.php\/wp-json\/wp\/v2\/comments?post=13882"}],"version-history":[{"count":0,"href":"https:\/\/cdnoticias.com\/index.php\/wp-json\/wp\/v2\/posts\/13882\/revisions"}],"wp:featuredmedia":[{"embeddable":true,"href":"https:\/\/cdnoticias.com\/index.php\/wp-json\/wp\/v2\/media\/13883"}],"wp:attachment":[{"href":"https:\/\/cdnoticias.com\/index.php\/wp-json\/wp\/v2\/media?parent=13882"}],"wp:term":[{"taxonomy":"category","embeddable":true,"href":"https:\/\/cdnoticias.com\/index.php\/wp-json\/wp\/v2\/categories?post=13882"},{"taxonomy":"post_tag","embeddable":true,"href":"https:\/\/cdnoticias.com\/index.php\/wp-json\/wp\/v2\/tags?post=13882"}],"curies":[{"name":"wp","href":"https:\/\/api.w.org\/{rel}","templated":true}]}}