{"id":138812,"date":"2023-06-12T16:49:28","date_gmt":"2023-06-12T19:49:28","guid":{"rendered":"http:\/\/centraldeportes.com.ar\/?p=37106"},"modified":"2025-02-11T17:25:41","modified_gmt":"2025-02-11T20:25:41","slug":"josefina-vigo-fue-cuarta-weimann-rompio-el-motor","status":"publish","type":"post","link":"https:\/\/cdnoticias.com\/index.php\/2023\/06\/12\/josefina-vigo-fue-cuarta-weimann-rompio-el-motor\/","title":{"rendered":"Josefina Vigo fue cuarta, Weimann rompi\u00f3 el motor"},"content":{"rendered":"<p>Ambos olavarrienses estuvieron presentes en Rafaela, escenario del s\u00e9ptimo cap\u00edtulo del TC y TC Pista, en donde Alejandro Weimann sufri\u00f3 un desperfecto que le impidi\u00f3 competir a lo largo de todo el fin de semana. Josefina Vigo, presente en la categor\u00eda telonera Speedagro Racing, termin\u00f3 cuarta en la final.<\/p>\n<p><!--more--><\/p>\n<hr \/>\n<p>El TC y TC Pista llegaron a Rafaela, uno de los escenarios m\u00e1s tradicionales de la \u201cm\u00e1xima\u201d categor\u00eda del automovilismo argentino, y all\u00ed estuvieron dos olavarrienses, con distinta suerte.<\/p>\n<p>&nbsp;<\/p>\n<p>Para Alejandro Weimann fue un fin de semana para el olvido, la rotura del cardan provoc\u00f3 la destrucci\u00f3n del motor y no pudo ser parte de la fecha.<\/p>\n<p>&nbsp;<\/p>\n<p>La victoria fue Agust\u00edn Mart\u00ednez, que logr\u00f3 su primer triunfo en la temporada. La segunda colocaci\u00f3n fue para Lucas Valle y tercero Facundo Chapur.<\/p>\n<p>&nbsp;<\/p>\n<p>En la Liga Speedagro Racing, Josefina Vigo pudo arribar en el cuarto lugar. La olavarriense ven\u00eda de ganar en la fecha anterior y en esta oportunidad pudo pelear por la victoria, pero problemas de freno le provocaron un trompo y se retras\u00f3.<\/p>\n<p>&nbsp;<\/p>\n<p>Brian Perino se llev\u00f3 el triunfo seguido de Nicol\u00e1s Perino y Michael Degiorgio. La pr\u00f3xima fecha para ambas categor\u00edas ser\u00e1 el 2 de julio en Posadas, Misiones.<\/p>\n","protected":false},"excerpt":{"rendered":"<p>Ambos olavarrienses estuvieron presentes en Rafaela, escenario del s\u00e9ptimo cap\u00edtulo del TC y TC Pista, en donde Alejandro Weimann sufri\u00f3<\/p>\n","protected":false},"author":96739694,"featured_media":155847,"comment_status":"closed","ping_status":"closed","sticky":false,"template":"","format":"standard","meta":{"_jetpack_memberships_contains_paid_content":false,"footnotes":""},"categories":[34,1,48],"tags":[],"class_list":["post-138812","post","type-post","status-publish","format-standard","has-post-thumbnail","hentry","category-automovilismo","category-portada","category-tc-pista"],"jetpack_featured_media_url":"https:\/\/i0.wp.com\/cdnoticias.com\/wp-content\/uploads\/2023\/06\/vigo-5.jpg?fit=800%2C445&ssl=1","jetpack_sharing_enabled":true,"_links":{"self":[{"href":"https:\/\/cdnoticias.com\/index.php\/wp-json\/wp\/v2\/posts\/138812","targetHints":{"allow":["GET"]}}],"collection":[{"href":"https:\/\/cdnoticias.com\/index.php\/wp-json\/wp\/v2\/posts"}],"about":[{"href":"https:\/\/cdnoticias.com\/index.php\/wp-json\/wp\/v2\/types\/post"}],"author":[{"embeddable":true,"href":"https:\/\/cdnoticias.com\/index.php\/wp-json\/wp\/v2\/users\/96739694"}],"replies":[{"embeddable":true,"href":"https:\/\/cdnoticias.com\/index.php\/wp-json\/wp\/v2\/comments?post=138812"}],"version-history":[{"count":0,"href":"https:\/\/cdnoticias.com\/index.php\/wp-json\/wp\/v2\/posts\/138812\/revisions"}],"wp:featuredmedia":[{"embeddable":true,"href":"https:\/\/cdnoticias.com\/index.php\/wp-json\/wp\/v2\/media\/155847"}],"wp:attachment":[{"href":"https:\/\/cdnoticias.com\/index.php\/wp-json\/wp\/v2\/media?parent=138812"}],"wp:term":[{"taxonomy":"category","embeddable":true,"href":"https:\/\/cdnoticias.com\/index.php\/wp-json\/wp\/v2\/categories?post=138812"},{"taxonomy":"post_tag","embeddable":true,"href":"https:\/\/cdnoticias.com\/index.php\/wp-json\/wp\/v2\/tags?post=138812"}],"curies":[{"name":"wp","href":"https:\/\/api.w.org\/{rel}","templated":true}]}}