{"id":138803,"date":"2023-06-10T20:17:10","date_gmt":"2023-06-10T23:17:10","guid":{"rendered":"http:\/\/centraldeportes.com.ar\/?p=37021"},"modified":"2025-02-11T17:23:38","modified_gmt":"2025-02-11T20:23:38","slug":"las-divisiones-inferiores-cerraron-la-6-fecha","status":"publish","type":"post","link":"https:\/\/cdnoticias.com\/index.php\/2023\/06\/10\/las-divisiones-inferiores-cerraron-la-6-fecha\/","title":{"rendered":"Las Divisiones Inferiores cerraron la 6\u00b0 fecha"},"content":{"rendered":"<p>Este s\u00e1bado, las categor\u00edas menores de la Liga de F\u00fatbol de Olavarr\u00eda jugaron el grueso de la 6\u00b0 cita del Apertura que hab\u00eda sido suspendida siete d\u00edas atr\u00e1s con tres resultados parciales.<!--more--><\/p>\n<hr \/>\n<p>El <strong>f\u00fatbol menor<\/strong> de nuestra ciudad cerr\u00f3 en la fresca jornada de este s\u00e1bado la <strong>6\u00b0 fecha del segundo torneo oficial del a\u00f1o<\/strong>, que hab\u00eda iniciado el \u00faltimo viernes 2 con la <a href=\"http:\/\/centraldeportes.com.ar\/jornada-acotada-en-inferiores-solo-se-jugaron-tres-partidos\/\">disputa de tres encuentros<\/a> entre Embajadores y El Fort\u00edn.<\/p>\n<p>&nbsp;<\/p>\n<p>Con <strong>Loma Negra cumpliendo fecha libre,<\/strong> las canchas de Ferro, Estudiantes, Municipales, Hinojo y la auxiliar de El Fort\u00edn albergaron los <strong>18 cotejos programados para las seis categor\u00edas<\/strong>. Hubo triunfos de <strong>Ferro<\/strong> en las divisiones que tuvo acci\u00f3n, en tanto que <strong>Embajadores, Hinojo y San Mart\u00edn<\/strong> no registraron ca\u00eddas.<\/p>\n<p>&nbsp;<\/p>\n<h6><strong>Resultados:<\/strong><\/h6>\n<p>&nbsp;<\/p>\n<h6><strong>En D\u00e9cima<\/strong>:<\/h6>\n<p>Municipales <strong>1 \u2013 2<\/strong> San Mart\u00edn<\/p>\n<p>Estudiantes <strong>5 \u2013 0<\/strong> Sierra Chica<\/p>\n<p>Hinojo <strong>2 \u2013 1<\/strong> Racing<\/p>\n<p>&nbsp;<\/p>\n<p><img data-recalc-dims=\"1\" loading=\"lazy\" decoding=\"async\" class=\"aligncenter size-full wp-image-37039\" src=\"https:\/\/i0.wp.com\/centraldeportes.com.ar\/wp-content\/uploads\/2023\/06\/Posiciones-D%C3%A9cima-6%C2%B0-fecha.png?resize=790%2C487\" alt=\"\" width=\"790\" height=\"487\" \/><\/p>\n<p>&nbsp;<\/p>\n<h6><strong>En Novena<\/strong>:<\/h6>\n<p>Estudiantes <strong>4 \u2013 0<\/strong> Sierra Chica<\/p>\n<p>&nbsp;<\/p>\n<p><img data-recalc-dims=\"1\" loading=\"lazy\" decoding=\"async\" class=\"aligncenter size-full wp-image-37040\" src=\"https:\/\/i0.wp.com\/centraldeportes.com.ar\/wp-content\/uploads\/2023\/06\/Posiciones-Novena-6%C2%B0-fecha.png?resize=789%2C411\" alt=\"\" width=\"789\" height=\"411\" \/><\/p>\n<p>&nbsp;<\/p>\n<h6><strong>En Octava<\/strong>:<\/h6>\n<p>Municipales <strong>1 \u2013 2<\/strong> San Mart\u00edn<\/p>\n<p>Luj\u00e1n <strong>2 \u2013 3<\/strong> Ferro<\/p>\n<p>Estudiantes <strong>1 \u2013 1<\/strong> Sierra Chica<\/p>\n<p>Hinojo <strong>1 \u2013 1<\/strong> Racing<\/p>\n<p>&nbsp;<\/p>\n<p><img data-recalc-dims=\"1\" loading=\"lazy\" decoding=\"async\" class=\"aligncenter size-full wp-image-37041\" src=\"https:\/\/i0.wp.com\/centraldeportes.com.ar\/wp-content\/uploads\/2023\/06\/Posiciones-Octava-6%C2%B0-fecha.png?resize=790%2C526\" alt=\"\" width=\"790\" height=\"526\" \/><\/p>\n<p>&nbsp;<\/p>\n<h6><strong>En S\u00e9ptima:<\/strong><\/h6>\n<p>Municipales <strong>1 \u2013 1<\/strong> San Mart\u00edn<\/p>\n<p>El Fort\u00edn <strong>2 \u2013 3<\/strong> Embajadores<\/p>\n<p>&nbsp;<\/p>\n<p><img data-recalc-dims=\"1\" loading=\"lazy\" decoding=\"async\" class=\"aligncenter size-full wp-image-37043\" src=\"https:\/\/i0.wp.com\/centraldeportes.com.ar\/wp-content\/uploads\/2023\/06\/Posiciones-S%C3%A9ptima-6%C2%B0-fecha.png?resize=789%2C408\" alt=\"\" width=\"789\" height=\"408\" \/><\/p>\n<p>&nbsp;<\/p>\n<h6><strong>En Sexta:<\/strong><\/h6>\n<p>Luj\u00e1n <strong>0 \u2013 3<\/strong> Ferro<\/p>\n<p>Estudiantes <strong>4 \u2013 1<\/strong> Sierra Chica<\/p>\n<p>El Fort\u00edn <strong>1 \u2013 1<\/strong> Embajadores<\/p>\n<p>&nbsp;<\/p>\n<p><img data-recalc-dims=\"1\" loading=\"lazy\" decoding=\"async\" class=\"aligncenter size-full wp-image-37044\" src=\"https:\/\/i0.wp.com\/centraldeportes.com.ar\/wp-content\/uploads\/2023\/06\/Posiciones-Sexta-6%C2%B0-fecha.png?resize=788%2C447\" alt=\"\" width=\"788\" height=\"447\" \/><\/p>\n<p>&nbsp;<\/p>\n<h6><strong>En Quinta:<\/strong><\/h6>\n<p>Municipales <strong>1 \u2013 1<\/strong> San Mart\u00edn<\/p>\n<p>Luj\u00e1n <strong>0 \u2013 2<\/strong> Ferro<\/p>\n<p>Estudiantes <strong>2 \u2013 3<\/strong> Sierra Chica<\/p>\n<p>Hinojo <strong>4 \u2013 2<\/strong> Racing<\/p>\n<p>El Fort\u00edn<strong> 0 \u2013 0<\/strong> Embajadores<\/p>\n<p>&nbsp;<\/p>\n<p><img data-recalc-dims=\"1\" loading=\"lazy\" decoding=\"async\" class=\"aligncenter size-full wp-image-37042\" src=\"https:\/\/i0.wp.com\/centraldeportes.com.ar\/wp-content\/uploads\/2023\/06\/Posiciones-Quinta-6%C2%B0-fecha.png?resize=787%2C528\" alt=\"\" width=\"787\" height=\"528\" \/><\/p>\n<p>&nbsp;<\/p>\n<p>Libre: <strong>Loma Negra.<\/strong><\/p>\n<p>&nbsp;<\/p>\n<p><em><strong>Foto: Archivo.<\/strong><\/em><\/p>\n","protected":false},"excerpt":{"rendered":"<p>Este s\u00e1bado, las categor\u00edas menores de la Liga de F\u00fatbol de Olavarr\u00eda jugaron el grueso de la 6\u00b0 cita del<\/p>\n","protected":false},"author":96739694,"featured_media":155738,"comment_status":"closed","ping_status":"closed","sticky":false,"template":"","format":"standard","meta":{"_jetpack_memberships_contains_paid_content":false,"footnotes":""},"categories":[35,40,1],"tags":[],"class_list":["post-138803","post","type-post","status-publish","format-standard","has-post-thumbnail","hentry","category-futbol","category-inferiores","category-portada"],"jetpack_featured_media_url":"https:\/\/i0.wp.com\/cdnoticias.com\/wp-content\/uploads\/2023\/06\/WhatsApp-Image-2023-06-10-at-21.02.04.jpeg?fit=1600%2C1059&ssl=1","jetpack_sharing_enabled":true,"_links":{"self":[{"href":"https:\/\/cdnoticias.com\/index.php\/wp-json\/wp\/v2\/posts\/138803","targetHints":{"allow":["GET"]}}],"collection":[{"href":"https:\/\/cdnoticias.com\/index.php\/wp-json\/wp\/v2\/posts"}],"about":[{"href":"https:\/\/cdnoticias.com\/index.php\/wp-json\/wp\/v2\/types\/post"}],"author":[{"embeddable":true,"href":"https:\/\/cdnoticias.com\/index.php\/wp-json\/wp\/v2\/users\/96739694"}],"replies":[{"embeddable":true,"href":"https:\/\/cdnoticias.com\/index.php\/wp-json\/wp\/v2\/comments?post=138803"}],"version-history":[{"count":0,"href":"https:\/\/cdnoticias.com\/index.php\/wp-json\/wp\/v2\/posts\/138803\/revisions"}],"wp:featuredmedia":[{"embeddable":true,"href":"https:\/\/cdnoticias.com\/index.php\/wp-json\/wp\/v2\/media\/155738"}],"wp:attachment":[{"href":"https:\/\/cdnoticias.com\/index.php\/wp-json\/wp\/v2\/media?parent=138803"}],"wp:term":[{"taxonomy":"category","embeddable":true,"href":"https:\/\/cdnoticias.com\/index.php\/wp-json\/wp\/v2\/categories?post=138803"},{"taxonomy":"post_tag","embeddable":true,"href":"https:\/\/cdnoticias.com\/index.php\/wp-json\/wp\/v2\/tags?post=138803"}],"curies":[{"name":"wp","href":"https:\/\/api.w.org\/{rel}","templated":true}]}}