{"id":138785,"date":"2023-06-07T23:47:00","date_gmt":"2023-06-08T02:47:00","guid":{"rendered":"http:\/\/centraldeportes.com.ar\/?p=36878"},"modified":"2025-02-11T17:24:13","modified_gmt":"2025-02-11T20:24:13","slug":"racing-se-adelanto-en-el-inicio-de-las-semifinales","status":"publish","type":"post","link":"https:\/\/cdnoticias.com\/index.php\/2023\/06\/07\/racing-se-adelanto-en-el-inicio-de-las-semifinales\/","title":{"rendered":"Racing se adelant\u00f3 en el inicio de las Semifinales"},"content":{"rendered":"<p>En la noche del mi\u00e9rcoles e iniciando la llave de Semifinales del Torneo Apertura organizado por la Asociaci\u00f3n de B\u00e1squet de Olavarr\u00eda, Racing tom\u00f3 ventaja.<!--more--><\/p>\n<hr \/>\n<p>Racing recibi\u00f3 a Independiente en el Parque Olavarr\u00eda y dominando de principio a fin se impuso 70 a 54 para ganar el primer punto de la serie y est\u00e1\u00a0a una conquista de una nueva final del certamen dom\u00e9stico.<\/p>\n<p>&nbsp;<\/p>\n<p>Los dirigidos por Mat\u00edas Orlando sacaron una decena de puntos desde el comienzo del juego y luego se encargaron de aumentar con el correr de los minutos.<\/p>\n<p>&nbsp;<\/p>\n<p>Gianluca Nolasco con 19 puntos fue el m\u00e1ximo anotador del partido, pero el \u201cChaira\u201d cont\u00f3 con otros dos basquetbolistas en doble d\u00edgito.<\/p>\n<p>&nbsp;<\/p>\n\n<p>&nbsp;<\/p>\n<p>La revancha se jugar\u00e1 la venidera semana en el Duggan Martignoni, pero previamente, el viernes, en el Maxigimnasio, Estudiantes recibir\u00e1 a Racing de La Madrid en el comienzo del otro cruce de las \u201cSemis\u201d.<\/p>\n<p>&nbsp;<\/p>\n<p>S\u00edntesis Racing \u2013 Independiente:<\/p>\n<p>Estadio: Parque Olavarr\u00eda<\/p>\n<p>\u00c1rbitros: Su\u00e1rez, D., Reyes, A. y Sosa, J.<\/p>\n<p><strong>Racing (70): Nolasco (19), D&#8217;Alessio (8), Leal (10), Macrini (7), Fornes (14) -FI- Santana (2), Silber (6), Ruiz (0), Vasquez (0), Baffo (2), Encinas (2), Garc\u00e9s (0). DT- Mat\u00edas Orlando.<\/strong><\/p>\n<p><strong>Independiente (54): Di Salvo (5), San Martin (3), Lanusse (8), Gutkin (5), Saucedo (17)-FI- Pedone Diez (9), Kiehr (2), Dupin, F. (4), Bascu\u00f1eck (1), Pasty (0), Oliveri (0). DT- Nicol\u00e1s Rusconi.<\/strong><\/p>\n<p>Parciales: 22-13; 43-31; 56-44 y 70-54<\/p>\n","protected":false},"excerpt":{"rendered":"<p>En la noche del mi\u00e9rcoles e iniciando la llave de Semifinales del Torneo Apertura organizado por la Asociaci\u00f3n de B\u00e1squet<\/p>\n","protected":false},"author":96739694,"featured_media":155787,"comment_status":"closed","ping_status":"closed","sticky":false,"template":"","format":"standard","meta":{"_jetpack_memberships_contains_paid_content":false,"footnotes":""},"categories":[31,1,43],"tags":[],"class_list":["post-138785","post","type-post","status-publish","format-standard","has-post-thumbnail","hentry","category-basquet","category-portada","category-primera"],"jetpack_featured_media_url":"https:\/\/i0.wp.com\/cdnoticias.com\/wp-content\/uploads\/2023\/06\/WhatsApp-Image-2023-06-07-at-23.44.29.jpeg?fit=1280%2C841&ssl=1","jetpack_sharing_enabled":true,"_links":{"self":[{"href":"https:\/\/cdnoticias.com\/index.php\/wp-json\/wp\/v2\/posts\/138785","targetHints":{"allow":["GET"]}}],"collection":[{"href":"https:\/\/cdnoticias.com\/index.php\/wp-json\/wp\/v2\/posts"}],"about":[{"href":"https:\/\/cdnoticias.com\/index.php\/wp-json\/wp\/v2\/types\/post"}],"author":[{"embeddable":true,"href":"https:\/\/cdnoticias.com\/index.php\/wp-json\/wp\/v2\/users\/96739694"}],"replies":[{"embeddable":true,"href":"https:\/\/cdnoticias.com\/index.php\/wp-json\/wp\/v2\/comments?post=138785"}],"version-history":[{"count":0,"href":"https:\/\/cdnoticias.com\/index.php\/wp-json\/wp\/v2\/posts\/138785\/revisions"}],"wp:featuredmedia":[{"embeddable":true,"href":"https:\/\/cdnoticias.com\/index.php\/wp-json\/wp\/v2\/media\/155787"}],"wp:attachment":[{"href":"https:\/\/cdnoticias.com\/index.php\/wp-json\/wp\/v2\/media?parent=138785"}],"wp:term":[{"taxonomy":"category","embeddable":true,"href":"https:\/\/cdnoticias.com\/index.php\/wp-json\/wp\/v2\/categories?post=138785"},{"taxonomy":"post_tag","embeddable":true,"href":"https:\/\/cdnoticias.com\/index.php\/wp-json\/wp\/v2\/tags?post=138785"}],"curies":[{"name":"wp","href":"https:\/\/api.w.org\/{rel}","templated":true}]}}