{"id":138784,"date":"2023-06-07T20:37:47","date_gmt":"2023-06-07T23:37:47","guid":{"rendered":"http:\/\/centraldeportes.com.ar\/?p=36874"},"modified":"2025-02-11T17:24:16","modified_gmt":"2025-02-11T20:24:16","slug":"colonias-y-cerros-utilizara-el-predio-de-la-junta-vecinal-pueyrredon","status":"publish","type":"post","link":"https:\/\/cdnoticias.com\/index.php\/2023\/06\/07\/colonias-y-cerros-utilizara-el-predio-de-la-junta-vecinal-pueyrredon\/","title":{"rendered":"Colonias y Cerros utilizar\u00e1 el predio de la Junta Vecinal Pueyrred\u00f3n"},"content":{"rendered":"<p>As\u00ed lo dio a conocer el club durante la jornada de este mi\u00e9rcoles a trav\u00e9s de un comunicado.<!--more--><\/p>\n<hr \/>\n<p>El club Colonias y Cerros inform\u00f3 este mi\u00e9rcoles que utilizar\u00e1 el predio de Pueyrred\u00f3n para llevar adelante sus actividades deportivas.<\/p>\n<p>&nbsp;<\/p>\n<p>Dicho acuerdo tom\u00f3 forma durante la jornada del pasado martes, donde<strong> la entidad \u201cTricolor\u201d, en acuerdo con la Junta Vecinal, firm\u00f3 el convenio para utilizar las tierras ubicadas en el Barrio Costero Sur<\/strong>.<\/p>\n<p>&nbsp;<\/p>\n<p>En paralelo, desde la instituci\u00f3n aseguraron que ya empezar\u00e1n a trabajar en el predio con intenciones de profundizar toda la actividad futbol\u00edstica en desarrollo.<\/p>\n<p>&nbsp;<\/p>\n<p><em><strong>Fuente: Prensa Club CyC.<\/strong><\/em><\/p>\n","protected":false},"excerpt":{"rendered":"<p>As\u00ed lo dio a conocer el club durante la jornada de este mi\u00e9rcoles a trav\u00e9s de un comunicado.<\/p>\n","protected":false},"author":96739694,"featured_media":155790,"comment_status":"closed","ping_status":"closed","sticky":false,"template":"","format":"standard","meta":{"_jetpack_memberships_contains_paid_content":false,"footnotes":""},"categories":[45,35,1],"tags":[],"class_list":["post-138784","post","type-post","status-publish","format-standard","has-post-thumbnail","hentry","category-colonias-y-cerros","category-futbol","category-portada"],"jetpack_featured_media_url":"https:\/\/i0.wp.com\/cdnoticias.com\/wp-content\/uploads\/2023\/06\/Predio-Colonias-y-Cerros.jpeg?fit=1600%2C721&ssl=1","jetpack_sharing_enabled":true,"_links":{"self":[{"href":"https:\/\/cdnoticias.com\/index.php\/wp-json\/wp\/v2\/posts\/138784","targetHints":{"allow":["GET"]}}],"collection":[{"href":"https:\/\/cdnoticias.com\/index.php\/wp-json\/wp\/v2\/posts"}],"about":[{"href":"https:\/\/cdnoticias.com\/index.php\/wp-json\/wp\/v2\/types\/post"}],"author":[{"embeddable":true,"href":"https:\/\/cdnoticias.com\/index.php\/wp-json\/wp\/v2\/users\/96739694"}],"replies":[{"embeddable":true,"href":"https:\/\/cdnoticias.com\/index.php\/wp-json\/wp\/v2\/comments?post=138784"}],"version-history":[{"count":0,"href":"https:\/\/cdnoticias.com\/index.php\/wp-json\/wp\/v2\/posts\/138784\/revisions"}],"wp:featuredmedia":[{"embeddable":true,"href":"https:\/\/cdnoticias.com\/index.php\/wp-json\/wp\/v2\/media\/155790"}],"wp:attachment":[{"href":"https:\/\/cdnoticias.com\/index.php\/wp-json\/wp\/v2\/media?parent=138784"}],"wp:term":[{"taxonomy":"category","embeddable":true,"href":"https:\/\/cdnoticias.com\/index.php\/wp-json\/wp\/v2\/categories?post=138784"},{"taxonomy":"post_tag","embeddable":true,"href":"https:\/\/cdnoticias.com\/index.php\/wp-json\/wp\/v2\/tags?post=138784"}],"curies":[{"name":"wp","href":"https:\/\/api.w.org\/{rel}","templated":true}]}}